{"id":2880,"date":"2023-02-26T14:56:44","date_gmt":"2023-02-26T17:56:44","guid":{"rendered":"https:\/\/wiy.com.br\/noticias\/onyx-texto-da-reforma-da-previdencia-esta-pronto-e-bolsonaro-vai-analisar\/"},"modified":"2019-02-01T13:22:50","modified_gmt":"2019-02-01T15:22:50","slug":"onyx-texto-da-reforma-da-previdencia-esta-pronto-e-bolsonaro-vai-analisar","status":"publish","type":"post","link":"https:\/\/wiy.com.br\/noticias\/onyx-texto-da-reforma-da-previdencia-esta-pronto-e-bolsonaro-vai-analisar\/","title":{"rendered":"Onyx: texto da reforma da Previd\u00eancia est\u00e1 pronto e Bolsonaro vai analisar"},"content":{"rendered":"<p> <br \/>\n<\/p>\n<p>Bras\u00edlia &#8211; O ministro da Casa Civil, Onyx Lorenzoni, afirmou que o texto da <a href=\"https:\/\/exame.abril.com.br\/noticias-sobre\/reforma-da-previdencia\/\" target=\"_blank\" rel=\"noopener\"><strong>reforma da Previd\u00eancia<\/strong><\/a> est\u00e1 pronto e dever\u00e1 ser analisado na pr\u00f3xima semana pelo presidente Jair Bolsonaro.<\/p>\n<p>&#8220;A \u00faltima palavra ser\u00e1 do presidente. A equipe de Paulo Guedes continua com seu talento a trabalhar, para consertar a Previd\u00eancia&#8221;, disse.<\/p>\n<p>Lorenzoni, que foi exonerado do cargo temporariamente apenas para participar nesta sexta-feira, 1\u00ba de fevereiro, da vota\u00e7\u00e3o da presid\u00eancia da C\u00e2mara dos Deputados, afirmou que o governo respeita a independ\u00eancia das duas casas do Legislativo.<\/p>\n<div class=\"widget-news widget-box no-margin no-border\"><span class=\"widget-news-title content-box-title\">Veja tamb\u00e9m<\/span><\/p>\n<ul class=\"widget-news-list\">\n<li class=\"widget-news-item without-thumb with-border\">\n<div class=\"widget-news-info\"><a href=\"http:\/\/exame.abril.com.br\/brasil\">BRASIL<\/a><span class=\"widget-news-item-title\"><a href=\"https:\/\/exame.abril.com.br\/brasil\/na-volta-do-recesso-toffoli-cobra-unidade-entre-poderes-e-cita-reformas\/\">Na volta do recesso, Toffoli cobra unidade entre poderes e cita reformas<\/a><\/span><span class=\"widget-news-item-date\">1 fev 2019 &#8211; 12h02<\/span><\/div>\n<\/li>\n<li class=\"widget-news-item without-thumb with-border\">\n<div class=\"widget-news-info\"><a href=\"http:\/\/exame.abril.com.br\/economia\">ECONOMIA<\/a><span class=\"widget-news-item-title\"><a href=\"https:\/\/exame.abril.com.br\/economia\/6-motivos-para-o-otimismo-renovado-com-a-reforma-da-previdencia\/\">6 motivos para o otimismo renovado com a reforma da Previd\u00eancia<\/a><\/span><span class=\"widget-news-item-date\">31 jan 2019 &#8211; 19h01<\/span><\/div>\n<\/li>\n<\/ul>\n<\/div>\n<p>&#8220;N\u00e3o interferimos nas elei\u00e7\u00f5es&#8221;, disse ele, quando questionado se os nomes de Renan Calheiros e Rodrigo Maia para presid\u00eancia do Senado e C\u00e2mara, respectivamente, facilitaria o caminho para que o texto da reforma da Previd\u00eancia fosse aprovado.<\/p>\n<p>A vota\u00e7\u00e3o da presid\u00eancia da C\u00e2mara do Deputados e do Senado est\u00e1 marcada para \u00e0s 18 horas desta sexta.<\/p>\n<p><br \/>\n<br \/><a href=\"https:\/\/exame.abril.com.br\/economia\/onyx-texto-da-reforma-da-previdencia-esta-pronto-presidente-vai-analisar\/\">Source link <\/a><\/p>\n","protected":false},"excerpt":{"rendered":"<p>Bras\u00edlia &#8211; O ministro da Casa Civil, Onyx Lorenzoni, afirmou que o texto da reforma da Previd\u00eancia est\u00e1 pronto e dever\u00e1 ser analisado na pr\u00f3xima semana pelo presidente Jair Bolsonaro. &#8220;A \u00faltima palavra ser\u00e1 do presidente. A equipe de Paulo Guedes continua com seu talento a trabalhar, para consertar a Previd\u00eancia&#8221;, disse. Lorenzoni, que foi [&hellip;]<\/p>\n","protected":false},"author":1,"featured_media":2881,"comment_status":"open","ping_status":"open","sticky":false,"template":"","format":"standard","meta":{"footnotes":""},"categories":[337],"tags":[],"class_list":["post-2880","post","type-post","status-publish","format-standard","has-post-thumbnail","hentry","category-noticias"],"_links":{"self":[{"href":"https:\/\/wiy.com.br\/noticias\/wp-json\/wp\/v2\/posts\/2880","targetHints":{"allow":["GET"]}}],"collection":[{"href":"https:\/\/wiy.com.br\/noticias\/wp-json\/wp\/v2\/posts"}],"about":[{"href":"https:\/\/wiy.com.br\/noticias\/wp-json\/wp\/v2\/types\/post"}],"author":[{"embeddable":true,"href":"https:\/\/wiy.com.br\/noticias\/wp-json\/wp\/v2\/users\/1"}],"replies":[{"embeddable":true,"href":"https:\/\/wiy.com.br\/noticias\/wp-json\/wp\/v2\/comments?post=2880"}],"version-history":[{"count":0,"href":"https:\/\/wiy.com.br\/noticias\/wp-json\/wp\/v2\/posts\/2880\/revisions"}],"wp:featuredmedia":[{"embeddable":true,"href":"https:\/\/wiy.com.br\/noticias\/wp-json\/wp\/v2\/media\/2881"}],"wp:attachment":[{"href":"https:\/\/wiy.com.br\/noticias\/wp-json\/wp\/v2\/media?parent=2880"}],"wp:term":[{"taxonomy":"category","embeddable":true,"href":"https:\/\/wiy.com.br\/noticias\/wp-json\/wp\/v2\/categories?post=2880"},{"taxonomy":"post_tag","embeddable":true,"href":"https:\/\/wiy.com.br\/noticias\/wp-json\/wp\/v2\/tags?post=2880"}],"curies":[{"name":"wp","href":"https:\/\/api.w.org\/{rel}","templated":true}]}}