{"id":28765,"date":"2023-02-26T15:22:52","date_gmt":"2023-02-26T18:22:52","guid":{"rendered":"https:\/\/wiy.com.br\/noticias\/oab-de-nova-iguacu-nao-informou-em-contrato-que-festa-picante-teria-tequileiros\/"},"modified":"2019-09-06T12:58:25","modified_gmt":"2019-09-06T15:58:25","slug":"oab-de-nova-iguacu-nao-informou-em-contrato-que-festa-picante-teria-tequileiros","status":"publish","type":"post","link":"https:\/\/wiy.com.br\/noticias\/oab-de-nova-iguacu-nao-informou-em-contrato-que-festa-picante-teria-tequileiros\/","title":{"rendered":"OAB de Nova Igua\u00e7u n\u00e3o informou em contrato que festa \u2018picante\u2019 teria tequileiros"},"content":{"rendered":"<p> <br \/>\n<br \/>Uma semana ap\u00f3s a celebra\u00e7\u00e3o realizada pela subse\u00e7\u00e3o da Ordem dos Advogados do Brasil (OAB) de Nova Igua\u00e7u, na Baixada Fluminense, para comemorar o M\u00eas da Advocacia, novas pol\u00eamicas surgem sobre o evento. Cl\u00e1udio Andrade decorador e s\u00f3cio&#8230;<\/p>\n<p><a href=\"https:\/\/extra.globo.com\/noticias\/rio\/oab-de-nova-iguacu-nao-informou-em-contrato-que-festa-picante-teria-tequileiros-23931607.html\">Leia mais<\/a><\/p>\n<p>\t\t\t\t\t\t\t\t\t\t\t<img title = \"[Tags]\"alt = \"1x69704290_573351433202630_3558023513961325226_n-pagespeed-ic-udoaiyzcek OAB de Nova Igua\u00e7u n\u00e3o informou em contrato que festa \u2018picante\u2019 teria tequileiros\"decoding=\"async\" src=\"https:\/\/extra.globo.com\/incoming\/23931604-41e-679\/w311h175-PROP\/1x69704290_573351433202630_3558023513961325226_n-pagespeed-ic-udoaiyzcek.jpg\" \/><br \/>\n<br \/><br \/>\n<br \/><a href=\"https:\/\/extra.globo.com\/noticias\/rio\/oab-de-nova-iguacu-nao-informou-em-contrato-que-festa-picante-teria-tequileiros-23931607.html\">Fonte do Artigo <\/a><br \/>\nTags:<br \/>\n#noticia #n #noticias #venezuela #o #instagram #cicpc #policia #ultimahora #seguridad #informaci #portuseguridad #paz #urgente #tudenunciaeslapazdetodos #atenci #policiacientifica #criminalisticacicpc #criminalistica #not #douglasrico #eficienciaonada #gobiernodecalle #brasil #sucesos #jornalismo #informa #news #a<\/p>\n","protected":false},"excerpt":{"rendered":"<p>Uma semana ap\u00f3s a celebra\u00e7\u00e3o realizada pela subse\u00e7\u00e3o da Ordem dos Advogados do Brasil (OAB) de Nova Igua\u00e7u, na Baixada Fluminense, para comemorar o M\u00eas da Advocacia, novas pol\u00eamicas surgem sobre o evento. Cl\u00e1udio Andrade decorador e s\u00f3cio&#8230; Leia mais Fonte do Artigo Tags: #noticia #n #noticias #venezuela #o #instagram #cicpc #policia #ultimahora #seguridad #informaci [&hellip;]<\/p>\n","protected":false},"author":1,"featured_media":28766,"comment_status":"open","ping_status":"open","sticky":false,"template":"","format":"standard","meta":{"footnotes":""},"categories":[337],"tags":[],"class_list":["post-28765","post","type-post","status-publish","format-standard","has-post-thumbnail","hentry","category-noticias"],"_links":{"self":[{"href":"https:\/\/wiy.com.br\/noticias\/wp-json\/wp\/v2\/posts\/28765","targetHints":{"allow":["GET"]}}],"collection":[{"href":"https:\/\/wiy.com.br\/noticias\/wp-json\/wp\/v2\/posts"}],"about":[{"href":"https:\/\/wiy.com.br\/noticias\/wp-json\/wp\/v2\/types\/post"}],"author":[{"embeddable":true,"href":"https:\/\/wiy.com.br\/noticias\/wp-json\/wp\/v2\/users\/1"}],"replies":[{"embeddable":true,"href":"https:\/\/wiy.com.br\/noticias\/wp-json\/wp\/v2\/comments?post=28765"}],"version-history":[{"count":0,"href":"https:\/\/wiy.com.br\/noticias\/wp-json\/wp\/v2\/posts\/28765\/revisions"}],"wp:featuredmedia":[{"embeddable":true,"href":"https:\/\/wiy.com.br\/noticias\/wp-json\/wp\/v2\/media\/28766"}],"wp:attachment":[{"href":"https:\/\/wiy.com.br\/noticias\/wp-json\/wp\/v2\/media?parent=28765"}],"wp:term":[{"taxonomy":"category","embeddable":true,"href":"https:\/\/wiy.com.br\/noticias\/wp-json\/wp\/v2\/categories?post=28765"},{"taxonomy":"post_tag","embeddable":true,"href":"https:\/\/wiy.com.br\/noticias\/wp-json\/wp\/v2\/tags?post=28765"}],"curies":[{"name":"wp","href":"https:\/\/api.w.org\/{rel}","templated":true}]}}