{"id":28753,"date":"2023-02-26T15:28:29","date_gmt":"2023-02-26T18:28:29","guid":{"rendered":"https:\/\/wiy.com.br\/noticias\/fraude-nos-correios-mostra-necessidade-de-reduzir-estado-diz-bolsonaro\/"},"modified":"2019-09-06T11:39:07","modified_gmt":"2019-09-06T14:39:07","slug":"fraude-nos-correios-mostra-necessidade-de-reduzir-estado-diz-bolsonaro","status":"publish","type":"post","link":"https:\/\/wiy.com.br\/noticias\/fraude-nos-correios-mostra-necessidade-de-reduzir-estado-diz-bolsonaro\/","title":{"rendered":"Fraude nos Correios mostra necessidade de reduzir Estado, diz Bolsonaro"},"content":{"rendered":"<p> <br \/>\n<\/p>\n<p>O presidente <strong><a href=\"https:\/\/exame.abril.com.br\/noticias-sobre\/jair-bolsonaro\/\">Jair Bolsonaro<\/a><\/strong> defendeu nesta sexta-feira a redu\u00e7\u00e3o do tamanho do Estado, ao citar suspeita de corrup\u00e7\u00e3o nos Correios investigada pela <strong><a href=\"https:\/\/exame.abril.com.br\/noticias-sobre\/policia-federal\/\">Pol\u00edcia Federal<\/a><\/strong> como exemplo de que \u00e9 preciso afastar cada vez mais o Estado da vida do cidad\u00e3o, a n\u00e3o ser em quest\u00f5es essenciais.<\/p>\n<p>&#8220;Coisa errada existe ainda, restos que temos do passado a apagar, existem, como a opera\u00e7\u00e3o da Pol\u00edcia Federal hoje. Parab\u00e9ns \u00e0 Pol\u00edcia Federal com sua a\u00e7\u00e3o nos Correios, \u00e9 mais uma prova que n\u00f3s devemos cada vez mais afastar o Estado da vida do cidad\u00e3o, a n\u00e3o ser naquelas coisas perfeitamente essenciais&#8221;, disse Bolsonaro, durante breve discurso em cerim\u00f4nia no Pal\u00e1cio do Planalto.<\/p>\n<p>A Pol\u00edcia Federal deflagrou nesta sexta-feira opera\u00e7\u00e3o para investigar suspeita de fraude que causou preju\u00edzo de ao menos 13 milh\u00f5es de reais aos Correios, segundo reportagens.<\/p>\n<p>A Empresa Brasileira de Correios e Tel\u00e9grafos (EBCT) foi inclu\u00edda pelo governo para poss\u00edvel desestatiza\u00e7\u00e3o.<\/p>\n<p>&nbsp;<\/p>\n<p><br \/>\n<br \/><a href=\"https:\/\/exame.abril.com.br\/brasil\/bolsonaro-diz-que-fraude-nos-correios-mostra-necessidade-de-reduzir-tamanho-do-estado\/\">Fonte do artigo <\/a><br \/>\nTags:<br \/>\n#politica #political #negocios #business #marketingdigital #empreendedorismo #marketing #emprendedores #empreender #sucesso #empresas #emprendimiento #emprendedor #empreendedor #emprender #dinheiro #dinero #empresario #vendas #liderazgo #motivacion #foco #motivacao #negocio #brasil<\/p>\n","protected":false},"excerpt":{"rendered":"<p>O presidente Jair Bolsonaro defendeu nesta sexta-feira a redu\u00e7\u00e3o do tamanho do Estado, ao citar suspeita de corrup\u00e7\u00e3o nos Correios investigada pela Pol\u00edcia Federal como exemplo de que \u00e9 preciso afastar cada vez mais o Estado da vida do cidad\u00e3o, a n\u00e3o ser em quest\u00f5es essenciais. &#8220;Coisa errada existe ainda, restos que temos do passado [&hellip;]<\/p>\n","protected":false},"author":1,"featured_media":28754,"comment_status":"open","ping_status":"open","sticky":false,"template":"","format":"standard","meta":{"footnotes":""},"categories":[1],"tags":[],"class_list":["post-28753","post","type-post","status-publish","format-standard","has-post-thumbnail","hentry","category-curso-de-copy"],"_links":{"self":[{"href":"https:\/\/wiy.com.br\/noticias\/wp-json\/wp\/v2\/posts\/28753","targetHints":{"allow":["GET"]}}],"collection":[{"href":"https:\/\/wiy.com.br\/noticias\/wp-json\/wp\/v2\/posts"}],"about":[{"href":"https:\/\/wiy.com.br\/noticias\/wp-json\/wp\/v2\/types\/post"}],"author":[{"embeddable":true,"href":"https:\/\/wiy.com.br\/noticias\/wp-json\/wp\/v2\/users\/1"}],"replies":[{"embeddable":true,"href":"https:\/\/wiy.com.br\/noticias\/wp-json\/wp\/v2\/comments?post=28753"}],"version-history":[{"count":0,"href":"https:\/\/wiy.com.br\/noticias\/wp-json\/wp\/v2\/posts\/28753\/revisions"}],"wp:featuredmedia":[{"embeddable":true,"href":"https:\/\/wiy.com.br\/noticias\/wp-json\/wp\/v2\/media\/28754"}],"wp:attachment":[{"href":"https:\/\/wiy.com.br\/noticias\/wp-json\/wp\/v2\/media?parent=28753"}],"wp:term":[{"taxonomy":"category","embeddable":true,"href":"https:\/\/wiy.com.br\/noticias\/wp-json\/wp\/v2\/categories?post=28753"},{"taxonomy":"post_tag","embeddable":true,"href":"https:\/\/wiy.com.br\/noticias\/wp-json\/wp\/v2\/tags?post=28753"}],"curies":[{"name":"wp","href":"https:\/\/api.w.org\/{rel}","templated":true}]}}