{"id":28748,"date":"2023-02-26T15:19:52","date_gmt":"2023-02-26T18:19:52","guid":{"rendered":"https:\/\/wiy.com.br\/noticias\/rafa-brites-tera-um-quadro-de-autoajuda-no-gnt\/"},"modified":"2019-09-06T10:38:14","modified_gmt":"2019-09-06T13:38:14","slug":"rafa-brites-tera-um-quadro-de-autoajuda-no-gnt","status":"publish","type":"post","link":"https:\/\/wiy.com.br\/noticias\/rafa-brites-tera-um-quadro-de-autoajuda-no-gnt\/","title":{"rendered":"Rafa Brites ter\u00e1 um quadro de autoajuda no GNT"},"content":{"rendered":"<p> <br \/>\n<\/p>\n<p>\u00c9 longe do entretenimento e pr\u00f3ximo da autoajuda que <strong>Rafa Brites<\/strong>, 32, deve retornar \u00e0 TV \u2014 ap\u00f3s deixar a Globo no come\u00e7o do ano \u2014 e lan\u00e7ar novos projetos. A apresentadora, que voltou a morar em S\u00e3o Paulo h\u00e1 tr\u00eas meses e \u00e9 casada com o jornalista Felipe Andreoli, comandar\u00e1 em breve o quadro Conta Comigo, no GNT. As p\u00edlulas durante a programa\u00e7\u00e3o v\u00e3o ter a participa\u00e7\u00e3o de especialistas para tratar de temas como a influ\u00eancia das emo\u00e7\u00f5es nas finan\u00e7as pessoais. A mo\u00e7a lan\u00e7ar\u00e1 ainda um curso on-line para mulheres chamado Transformando Sonhos em Realidade. Houve 5 000 inscri\u00e7\u00f5es de interessadas no dia de estreia da plataforma. \u201cAs alunas ter\u00e3o provas e miss\u00f5es. Vamos falar de sentimentos como gratid\u00e3o, perd\u00e3o e desapego\u201d, explica ela, que garante concordar com a presen\u00e7a de homens no treinamento. \u201cDesde que aceitem ser chamados pelo coletivo feminino. Acho que tudo bem, pois n\u00f3s, mulheres, aguentamos isso a vida toda\u201d, diz.<\/p>\n<p><strong>Publicado em VEJA S\u00c3O PAULO de 11 de setembro de 2019, edi\u00e7\u00e3o n\u00ba 2651.<\/strong><\/p>\n<p><br \/>\n<br \/><a href=\"https:\/\/vejasp.abril.com.br\/blog\/terraco-paulistano\/rafa-brites-autoajuda-gnt\/\">Fonte do Artigo <\/a><br \/>\nTags:<br \/>\n#loterias #loteriascaixa #megasena #resultadoapostas#noticias #noticiario  #noticia #brasil #noticiascolombia #mundo #esporte #colombia #noticiadeld #ltimasnoticias  #noticiario #noticiasregionales #noticiasdepartamentales #noticiashoy #esportes #noticiaahora #elinformantenoticias #noticiasdeboyac  #esporteinterativo #esportivo #diariodosesportes  #noticiero  #jogodefutebol #jogos #loto #apostas<\/p>\n","protected":false},"excerpt":{"rendered":"<p>\u00c9 longe do entretenimento e pr\u00f3ximo da autoajuda que Rafa Brites, 32, deve retornar \u00e0 TV \u2014 ap\u00f3s deixar a Globo no come\u00e7o do ano \u2014 e lan\u00e7ar novos projetos. A apresentadora, que voltou a morar em S\u00e3o Paulo h\u00e1 tr\u00eas meses e \u00e9 casada com o jornalista Felipe Andreoli, comandar\u00e1 em breve o quadro [&hellip;]<\/p>\n","protected":false},"author":1,"featured_media":28749,"comment_status":"open","ping_status":"open","sticky":false,"template":"","format":"standard","meta":{"footnotes":""},"categories":[1],"tags":[],"class_list":["post-28748","post","type-post","status-publish","format-standard","has-post-thumbnail","hentry","category-curso-de-copy"],"_links":{"self":[{"href":"https:\/\/wiy.com.br\/noticias\/wp-json\/wp\/v2\/posts\/28748","targetHints":{"allow":["GET"]}}],"collection":[{"href":"https:\/\/wiy.com.br\/noticias\/wp-json\/wp\/v2\/posts"}],"about":[{"href":"https:\/\/wiy.com.br\/noticias\/wp-json\/wp\/v2\/types\/post"}],"author":[{"embeddable":true,"href":"https:\/\/wiy.com.br\/noticias\/wp-json\/wp\/v2\/users\/1"}],"replies":[{"embeddable":true,"href":"https:\/\/wiy.com.br\/noticias\/wp-json\/wp\/v2\/comments?post=28748"}],"version-history":[{"count":0,"href":"https:\/\/wiy.com.br\/noticias\/wp-json\/wp\/v2\/posts\/28748\/revisions"}],"wp:featuredmedia":[{"embeddable":true,"href":"https:\/\/wiy.com.br\/noticias\/wp-json\/wp\/v2\/media\/28749"}],"wp:attachment":[{"href":"https:\/\/wiy.com.br\/noticias\/wp-json\/wp\/v2\/media?parent=28748"}],"wp:term":[{"taxonomy":"category","embeddable":true,"href":"https:\/\/wiy.com.br\/noticias\/wp-json\/wp\/v2\/categories?post=28748"},{"taxonomy":"post_tag","embeddable":true,"href":"https:\/\/wiy.com.br\/noticias\/wp-json\/wp\/v2\/tags?post=28748"}],"curies":[{"name":"wp","href":"https:\/\/api.w.org\/{rel}","templated":true}]}}