{"id":2867,"date":"2023-02-26T15:01:31","date_gmt":"2023-02-26T18:01:31","guid":{"rendered":"https:\/\/wiy.com.br\/noticias\/nada-mais-fica-oculto-diz-presidente-da-oab-na-abertura-do-ano-judiciario\/"},"modified":"2019-02-01T11:31:18","modified_gmt":"2019-02-01T13:31:18","slug":"nada-mais-fica-oculto-diz-presidente-da-oab-na-abertura-do-ano-judiciario","status":"publish","type":"post","link":"https:\/\/wiy.com.br\/noticias\/nada-mais-fica-oculto-diz-presidente-da-oab-na-abertura-do-ano-judiciario\/","title":{"rendered":"&#039;Nada mais fica oculto&#039;, diz presidente da OAB na abertura do ano Judici\u00e1rio"},"content":{"rendered":"<p> <br \/>\n<br \/>BRAS\u00cdLIA &#8211; O presidente nacional da Ordem dos Advogados do Brasil (OAB),<br \/>\nCl\u00e1udio Lamachia, defendeu a necessidade de transpar\u00eancia do<br \/>\npoder p\u00fablico e disse que quem n\u00e3o entender isso ser\u00e1 &#8220;tragado&#8221; pelas redes<br \/>\nsociais. A declara\u00e7\u00e3o foi feita na&#8230;<br \/>\n<br \/><br \/>\n<br \/><a href=\"https:\/\/oglobo.globo.com\/brasil\/nada-mais-fica-oculto-diz-presidente-da-oab-na-abertura-do-ano-judiciario-23419550\">Source link <\/a><\/p>\n","protected":false},"excerpt":{"rendered":"<p>BRAS\u00cdLIA &#8211; O presidente nacional da Ordem dos Advogados do Brasil (OAB), Cl\u00e1udio Lamachia, defendeu a necessidade de transpar\u00eancia do poder p\u00fablico e disse que quem n\u00e3o entender isso ser\u00e1 &#8220;tragado&#8221; pelas redes sociais. A declara\u00e7\u00e3o foi feita na&#8230; Source link<\/p>\n","protected":false},"author":1,"featured_media":0,"comment_status":"open","ping_status":"open","sticky":false,"template":"","format":"standard","meta":{"footnotes":""},"categories":[339],"tags":[],"class_list":["post-2867","post","type-post","status-publish","format-standard","hentry","category-negocios"],"_links":{"self":[{"href":"https:\/\/wiy.com.br\/noticias\/wp-json\/wp\/v2\/posts\/2867","targetHints":{"allow":["GET"]}}],"collection":[{"href":"https:\/\/wiy.com.br\/noticias\/wp-json\/wp\/v2\/posts"}],"about":[{"href":"https:\/\/wiy.com.br\/noticias\/wp-json\/wp\/v2\/types\/post"}],"author":[{"embeddable":true,"href":"https:\/\/wiy.com.br\/noticias\/wp-json\/wp\/v2\/users\/1"}],"replies":[{"embeddable":true,"href":"https:\/\/wiy.com.br\/noticias\/wp-json\/wp\/v2\/comments?post=2867"}],"version-history":[{"count":0,"href":"https:\/\/wiy.com.br\/noticias\/wp-json\/wp\/v2\/posts\/2867\/revisions"}],"wp:attachment":[{"href":"https:\/\/wiy.com.br\/noticias\/wp-json\/wp\/v2\/media?parent=2867"}],"wp:term":[{"taxonomy":"category","embeddable":true,"href":"https:\/\/wiy.com.br\/noticias\/wp-json\/wp\/v2\/categories?post=2867"},{"taxonomy":"post_tag","embeddable":true,"href":"https:\/\/wiy.com.br\/noticias\/wp-json\/wp\/v2\/tags?post=2867"}],"curies":[{"name":"wp","href":"https:\/\/api.w.org\/{rel}","templated":true}]}}