{"id":28533,"date":"2023-02-26T14:56:59","date_gmt":"2023-02-26T17:56:59","guid":{"rendered":"https:\/\/wiy.com.br\/noticias\/demanda-por-assentos-em-voos-da-gol-cresce-mais-do-que-a-oferta-em-agosto\/"},"modified":"2019-09-04T21:20:33","modified_gmt":"2019-09-05T00:20:33","slug":"demanda-por-assentos-em-voos-da-gol-cresce-mais-do-que-a-oferta-em-agosto","status":"publish","type":"post","link":"https:\/\/wiy.com.br\/noticias\/demanda-por-assentos-em-voos-da-gol-cresce-mais-do-que-a-oferta-em-agosto\/","title":{"rendered":"Demanda por assentos em voos da Gol cresce mais do que a oferta em agosto"},"content":{"rendered":"<p> <br \/>\n<br \/>S\u00c3O PAULO (Reuters) &#8211; A companhia a\u00e9rea Gol afirmou nesta quarta-feira que a oferta total de assentos de seus voos em agosto cresceu 9,5% ante mesmo m\u00eas de 2018.Enquanto isso, a demanda de passageiros por assentos em voos&#8230;<\/p>\n<p><a href=\"https:\/\/extra.globo.com\/noticias\/economia\/demanda-por-assentos-em-voos-da-gol-cresce-mais-do-que-oferta-em-agosto-23927969.html\">Leia mais<\/a><\/p>\n<p>\t\t\t\t\t\t\t\t\t\t\t<img title = \"[Tags]\"alt = \"extra-face-1 Demanda por assentos em voos da Gol cresce mais do que a oferta em agosto\"decoding=\"async\" src=\"https:\/\/extra.globo.com\/skins\/extra\/images\/extra-face-1.jpg\" \/><br \/>\n<br \/><br \/>\n<br \/><a href=\"https:\/\/extra.globo.com\/noticias\/economia\/demanda-por-assentos-em-voos-da-gol-cresce-mais-do-que-oferta-em-agosto-23927969.html\">Fonte do Artigo <\/a><br \/>\nTags:<br \/>\n#noticia #n #noticias #venezuela #o #instagram #cicpc #policia #ultimahora #seguridad #informaci #portuseguridad #paz #urgente #tudenunciaeslapazdetodos #atenci #policiacientifica #criminalisticacicpc #criminalistica #not #douglasrico #eficienciaonada #gobiernodecalle #brasil #sucesos #jornalismo #informa #news #a<\/p>\n","protected":false},"excerpt":{"rendered":"<p>S\u00c3O PAULO (Reuters) &#8211; A companhia a\u00e9rea Gol afirmou nesta quarta-feira que a oferta total de assentos de seus voos em agosto cresceu 9,5% ante mesmo m\u00eas de 2018.Enquanto isso, a demanda de passageiros por assentos em voos&#8230; Leia mais Fonte do Artigo Tags: #noticia #n #noticias #venezuela #o #instagram #cicpc #policia #ultimahora #seguridad #informaci [&hellip;]<\/p>\n","protected":false},"author":1,"featured_media":27155,"comment_status":"open","ping_status":"open","sticky":false,"template":"","format":"standard","meta":{"footnotes":""},"categories":[337],"tags":[],"class_list":["post-28533","post","type-post","status-publish","format-standard","has-post-thumbnail","hentry","category-noticias"],"_links":{"self":[{"href":"https:\/\/wiy.com.br\/noticias\/wp-json\/wp\/v2\/posts\/28533","targetHints":{"allow":["GET"]}}],"collection":[{"href":"https:\/\/wiy.com.br\/noticias\/wp-json\/wp\/v2\/posts"}],"about":[{"href":"https:\/\/wiy.com.br\/noticias\/wp-json\/wp\/v2\/types\/post"}],"author":[{"embeddable":true,"href":"https:\/\/wiy.com.br\/noticias\/wp-json\/wp\/v2\/users\/1"}],"replies":[{"embeddable":true,"href":"https:\/\/wiy.com.br\/noticias\/wp-json\/wp\/v2\/comments?post=28533"}],"version-history":[{"count":0,"href":"https:\/\/wiy.com.br\/noticias\/wp-json\/wp\/v2\/posts\/28533\/revisions"}],"wp:featuredmedia":[{"embeddable":true,"href":"https:\/\/wiy.com.br\/noticias\/wp-json\/wp\/v2\/media\/27155"}],"wp:attachment":[{"href":"https:\/\/wiy.com.br\/noticias\/wp-json\/wp\/v2\/media?parent=28533"}],"wp:term":[{"taxonomy":"category","embeddable":true,"href":"https:\/\/wiy.com.br\/noticias\/wp-json\/wp\/v2\/categories?post=28533"},{"taxonomy":"post_tag","embeddable":true,"href":"https:\/\/wiy.com.br\/noticias\/wp-json\/wp\/v2\/tags?post=28533"}],"curies":[{"name":"wp","href":"https:\/\/api.w.org\/{rel}","templated":true}]}}