{"id":28486,"date":"2023-02-26T15:17:17","date_gmt":"2023-02-26T18:17:17","guid":{"rendered":"https:\/\/wiy.com.br\/noticias\/estado-do-rio-comeca-a-cobrar-r-5-milhoes-de-contribuintes-que-nao-pagaram-imposto-sobre-heranca\/"},"modified":"2019-09-04T14:13:39","modified_gmt":"2019-09-04T17:13:39","slug":"estado-do-rio-comeca-a-cobrar-r-5-milhoes-de-contribuintes-que-nao-pagaram-imposto-sobre-heranca","status":"publish","type":"post","link":"https:\/\/wiy.com.br\/noticias\/estado-do-rio-comeca-a-cobrar-r-5-milhoes-de-contribuintes-que-nao-pagaram-imposto-sobre-heranca\/","title":{"rendered":"Estado do Rio come\u00e7a a cobrar R$ 5 milh\u00f5es de contribuintes que n\u00e3o pagaram imposto sobre heran\u00e7a"},"content":{"rendered":"<p> <br \/>\n<br \/>A Secretaria estadual de Fazenda (Sefaz-RJ) vai come\u00e7ar, nesta quinta-feira (dia 5), a cobrar 900 contribuintes que devem aos cofres do estado cerca de R$ 5 milh\u00f5es referentes ao tributo sobre heran\u00e7a \u2014 o Imposto de Transmiss\u00e3o Causa Mortis e&#8230;<\/p>\n<p><a href=\"https:\/\/extra.globo.com\/noticias\/economia\/estado-do-rio-comeca-cobrar-5-milhoes-de-contribuintes-que-nao-pagaram-imposto-sobre-heranca-23926351.html\">Leia mais<\/a><\/p>\n<p>\t\t\t\t\t\t\t\t\t\t\t<img title = \"[Tags]\"alt = \"sefaz Estado do Rio come\u00e7a a cobrar R$ 5 milh\u00f5es de contribuintes que n\u00e3o pagaram imposto sobre heran\u00e7a\"decoding=\"async\" src=\"https:\/\/extra.globo.com\/incoming\/23926607-557-4c1\/w311h175-PROP\/sefaz.jpg\" \/><br \/>\n<br \/><br \/>\n<br \/><a href=\"https:\/\/extra.globo.com\/noticias\/economia\/estado-do-rio-comeca-cobrar-5-milhoes-de-contribuintes-que-nao-pagaram-imposto-sobre-heranca-23926351.html\">Fonte do Artigo <\/a><br \/>\nTags:<br \/>\n#noticia #n #noticias #venezuela #o #instagram #cicpc #policia #ultimahora #seguridad #informaci #portuseguridad #paz #urgente #tudenunciaeslapazdetodos #atenci #policiacientifica #criminalisticacicpc #criminalistica #not #douglasrico #eficienciaonada #gobiernodecalle #brasil #sucesos #jornalismo #informa #news #a<\/p>\n","protected":false},"excerpt":{"rendered":"<p>A Secretaria estadual de Fazenda (Sefaz-RJ) vai come\u00e7ar, nesta quinta-feira (dia 5), a cobrar 900 contribuintes que devem aos cofres do estado cerca de R$ 5 milh\u00f5es referentes ao tributo sobre heran\u00e7a \u2014 o Imposto de Transmiss\u00e3o Causa Mortis e&#8230; Leia mais Fonte do Artigo Tags: #noticia #n #noticias #venezuela #o #instagram #cicpc #policia #ultimahora [&hellip;]<\/p>\n","protected":false},"author":1,"featured_media":28487,"comment_status":"open","ping_status":"open","sticky":false,"template":"","format":"standard","meta":{"footnotes":""},"categories":[337],"tags":[],"class_list":["post-28486","post","type-post","status-publish","format-standard","has-post-thumbnail","hentry","category-noticias"],"_links":{"self":[{"href":"https:\/\/wiy.com.br\/noticias\/wp-json\/wp\/v2\/posts\/28486","targetHints":{"allow":["GET"]}}],"collection":[{"href":"https:\/\/wiy.com.br\/noticias\/wp-json\/wp\/v2\/posts"}],"about":[{"href":"https:\/\/wiy.com.br\/noticias\/wp-json\/wp\/v2\/types\/post"}],"author":[{"embeddable":true,"href":"https:\/\/wiy.com.br\/noticias\/wp-json\/wp\/v2\/users\/1"}],"replies":[{"embeddable":true,"href":"https:\/\/wiy.com.br\/noticias\/wp-json\/wp\/v2\/comments?post=28486"}],"version-history":[{"count":0,"href":"https:\/\/wiy.com.br\/noticias\/wp-json\/wp\/v2\/posts\/28486\/revisions"}],"wp:featuredmedia":[{"embeddable":true,"href":"https:\/\/wiy.com.br\/noticias\/wp-json\/wp\/v2\/media\/28487"}],"wp:attachment":[{"href":"https:\/\/wiy.com.br\/noticias\/wp-json\/wp\/v2\/media?parent=28486"}],"wp:term":[{"taxonomy":"category","embeddable":true,"href":"https:\/\/wiy.com.br\/noticias\/wp-json\/wp\/v2\/categories?post=28486"},{"taxonomy":"post_tag","embeddable":true,"href":"https:\/\/wiy.com.br\/noticias\/wp-json\/wp\/v2\/tags?post=28486"}],"curies":[{"name":"wp","href":"https:\/\/api.w.org\/{rel}","templated":true}]}}