{"id":28410,"date":"2023-02-26T15:32:33","date_gmt":"2023-02-26T18:32:33","guid":{"rendered":"https:\/\/wiy.com.br\/noticias\/tico-santa-cruz-relembra-a-vez-que-foi-ao-rock-in-rio-falei-para-minha-que-um-dia-estaria-no-palco\/"},"modified":"2019-09-04T02:00:11","modified_gmt":"2019-09-04T05:00:11","slug":"tico-santa-cruz-relembra-a-vez-que-foi-ao-rock-in-rio-falei-para-minha-que-um-dia-estaria-no-palco","status":"publish","type":"post","link":"https:\/\/wiy.com.br\/noticias\/tico-santa-cruz-relembra-a-vez-que-foi-ao-rock-in-rio-falei-para-minha-que-um-dia-estaria-no-palco\/","title":{"rendered":"Tico Santa Cruz relembra a vez que foi ao Rock in Rio: &#039;Falei para minha que um dia estaria no palco&#039;"},"content":{"rendered":"<p> <br \/>\n<br \/>O m\u00fasico\u00a0Tico Santa Cruz, dos Detonautas, est\u00e1 no \u2018De papo\u2019 do\u00a0Treta Show &#8211; Jornal Extra\u00a0para contar detalhes sobre a sua participa\u00e7\u00e3o na m\u00fasica-tema do espa\u00e7o NAVE, nova atra\u00e7\u00e3o do\u00a0Rock in Rio. Ele tamb\u00e9m falou da primeira vez que foi ao festival e&#8230;<\/p>\n<p><a href=\"https:\/\/extra.globo.com\/tv-e-lazer\/treta-show\/tico-santa-cruz-relembra-vez-que-foi-ao-rock-in-rio-falei-para-minha-que-um-dia-estaria-no-palco-23925330.html\">Leia mais<\/a><\/p>\n<p>\t\t\t\t\t\t\t\t\t<img title = \"[Tags]\"alt = \"84281296_sc-rio-de-janeiro-rj-27-08-2019artistas-gravam-musica-e-videoclipe-tema-do-espaco-nave-d Tico Santa Cruz relembra a vez que foi ao Rock in Rio: &#039;Falei para minha que um dia estaria no palco&#039;\"decoding=\"async\" src=\"https:\/\/extra.globo.com\/incoming\/23925328-332-52a\/w311h175-PROP\/84281296_sc-rio-de-janeiro-rj-27-08-2019artistas-gravam-musica-e-videoclipe-tema-do-espaco-nave-d.jpg\" \/><br \/>\n<br \/><br \/>\n<br \/><a href=\"https:\/\/extra.globo.com\/tv-e-lazer\/treta-show\/tico-santa-cruz-relembra-vez-que-foi-ao-rock-in-rio-falei-para-minha-que-um-dia-estaria-no-palco-23925330.html\">Fonte do Artigo <\/a><br \/>\nTags:<br \/>\n#noticia #n #noticias #venezuela #o #instagram #cicpc #policia #ultimahora #seguridad #informaci #portuseguridad #paz #urgente #tudenunciaeslapazdetodos #atenci #policiacientifica #criminalisticacicpc #criminalistica #not #douglasrico #eficienciaonada #gobiernodecalle #brasil #sucesos #jornalismo #informa #news #a<\/p>\n","protected":false},"excerpt":{"rendered":"<p>O m\u00fasico\u00a0Tico Santa Cruz, dos Detonautas, est\u00e1 no \u2018De papo\u2019 do\u00a0Treta Show &#8211; Jornal Extra\u00a0para contar detalhes sobre a sua participa\u00e7\u00e3o na m\u00fasica-tema do espa\u00e7o NAVE, nova atra\u00e7\u00e3o do\u00a0Rock in Rio. Ele tamb\u00e9m falou da primeira vez que foi ao festival e&#8230; Leia mais Fonte do Artigo Tags: #noticia #n #noticias #venezuela #o #instagram #cicpc [&hellip;]<\/p>\n","protected":false},"author":1,"featured_media":28411,"comment_status":"open","ping_status":"open","sticky":false,"template":"","format":"standard","meta":{"footnotes":""},"categories":[337],"tags":[],"class_list":["post-28410","post","type-post","status-publish","format-standard","has-post-thumbnail","hentry","category-noticias"],"_links":{"self":[{"href":"https:\/\/wiy.com.br\/noticias\/wp-json\/wp\/v2\/posts\/28410","targetHints":{"allow":["GET"]}}],"collection":[{"href":"https:\/\/wiy.com.br\/noticias\/wp-json\/wp\/v2\/posts"}],"about":[{"href":"https:\/\/wiy.com.br\/noticias\/wp-json\/wp\/v2\/types\/post"}],"author":[{"embeddable":true,"href":"https:\/\/wiy.com.br\/noticias\/wp-json\/wp\/v2\/users\/1"}],"replies":[{"embeddable":true,"href":"https:\/\/wiy.com.br\/noticias\/wp-json\/wp\/v2\/comments?post=28410"}],"version-history":[{"count":0,"href":"https:\/\/wiy.com.br\/noticias\/wp-json\/wp\/v2\/posts\/28410\/revisions"}],"wp:featuredmedia":[{"embeddable":true,"href":"https:\/\/wiy.com.br\/noticias\/wp-json\/wp\/v2\/media\/28411"}],"wp:attachment":[{"href":"https:\/\/wiy.com.br\/noticias\/wp-json\/wp\/v2\/media?parent=28410"}],"wp:term":[{"taxonomy":"category","embeddable":true,"href":"https:\/\/wiy.com.br\/noticias\/wp-json\/wp\/v2\/categories?post=28410"},{"taxonomy":"post_tag","embeddable":true,"href":"https:\/\/wiy.com.br\/noticias\/wp-json\/wp\/v2\/tags?post=28410"}],"curies":[{"name":"wp","href":"https:\/\/api.w.org\/{rel}","templated":true}]}}