{"id":28315,"date":"2023-02-26T15:03:25","date_gmt":"2023-02-26T18:03:25","guid":{"rendered":"https:\/\/wiy.com.br\/noticias\/bolsonaro-diz-que-nova-carteira-do-estudante-vai-dispensar-taxa-da-une\/"},"modified":"2019-09-03T12:22:16","modified_gmt":"2019-09-03T15:22:16","slug":"bolsonaro-diz-que-nova-carteira-do-estudante-vai-dispensar-taxa-da-une","status":"publish","type":"post","link":"https:\/\/wiy.com.br\/noticias\/bolsonaro-diz-que-nova-carteira-do-estudante-vai-dispensar-taxa-da-une\/","title":{"rendered":"Bolsonaro diz que nova carteira do estudante vai dispensar taxa da UNE"},"content":{"rendered":"<p> <br \/>\n<\/p>\n<p>S\u00e3o Paulo \u2014 O presidente <a href=\"https:\/\/exame.abril.com.br\/noticias-sobre\/jair-bolsonaro\/\" target=\"_blank\" rel=\"noopener noreferrer\"><strong>Jair Bolsonaro<\/strong><\/a> alfinetou integrantes do PCdoB ao falar sobre a edi\u00e7\u00e3o de uma medida provis\u00f3ria que criar\u00e1 a carteira digital de estudantes. Ele afirmou que n\u00e3o ser\u00e1 mais preciso pagar a taxa para entidades como a Uni\u00e3o Nacional dos Estudantes (UNE), tradicionalmente comanda pela Juventude do<a href=\"https:\/\/exame.abril.com.br\/noticias-sobre\/pcdob\/\" target=\"_blank\" rel=\"noopener noreferrer\"><strong> PCdoB<\/strong><\/a>.<\/p>\n<p>&#8220;Vou facilitar a vida dos estudantes. N\u00e3o vai ter mais que pagar para a UNE, que quem manda l\u00e1 \u00e9 o PCdoB&#8221;, afirmou Bolsonaro a jornalistas ao deixar o Pal\u00e1cio da Alvorada na manh\u00e3 desta ter\u00e7a-feira, 3. &#8220;Vai faltar dinheiro para o PCdoB&#8221;, completou, rindo.<\/p>\n<div class=\"widget-news widget-box no-margin no-border\"><span class=\"widget-news-title content-box-title\">Veja tamb\u00e9m<\/span><\/p>\n<ul class=\"widget-news-list\">\n<li class=\"widget-news-item without-thumb with-border\">\n<div class=\"widget-news-info\"><a href=\"http:\/\/exame.abril.com.br\/brasil\">BRASIL<\/a><span class=\"widget-news-item-title\"><a href=\"https:\/\/exame.abril.com.br\/brasil\/especialistas-analisam-a-linguagem-corporal-e-discursos-de-bolsonaro\/\">O que dizem especialistas sobre a linguagem corporal de Bolsonaro<\/a><\/span><span class=\"widget-news-item-date\">17 maio 2019 &#8211; 14h05<\/span><\/div>\n<\/li>\n<\/ul>\n<\/div>\n<p>Na segunda-feira, 2, o porta-voz da Presid\u00eancia da Rep\u00fablica, Ot\u00e1vio R\u00eago Barros, n\u00e3o soube informar se a ideia da MP \u00e9 tirar expressamente da UNE, da Uni\u00e3o Brasileira dos Estudantes Secundaristas (Ubes) e da Associa\u00e7\u00e3o Nacional de P\u00f3s-graduandos (ANPG) o poder de cobrar pela emiss\u00e3o do documento.<\/p>\n<p>Bolsonaro confirmou nesta ter\u00e7a que a medida provis\u00f3ria ser\u00e1 assinada na sexta-feira, 6, e que participar\u00e1 do evento. Ele cancelou viagem a Let\u00edcia, na Col\u00f4mbia, que ocorreria no mesmo dia para discutir temas da Amaz\u00f4nia. Segundo o presidente, o encontro deve ser realizado por videoconfer\u00eancia.<\/p>\n<p><br \/>\n<br \/><a href=\"https:\/\/exame.abril.com.br\/brasil\/bolsonaro-diz-que-nova-carteira-do-estudante-vai-dispensar-taxa-da-une\/\">Fonte do artigo <\/a><br \/>\nTags:<br \/>\n#politica #political #negocios #business #marketingdigital #empreendedorismo #marketing #emprendedores #empreender #sucesso #empresas #emprendimiento #emprendedor #empreendedor #emprender #dinheiro #dinero #empresario #vendas #liderazgo #motivacion #foco #motivacao #negocio #brasil<\/p>\n","protected":false},"excerpt":{"rendered":"<p>S\u00e3o Paulo \u2014 O presidente Jair Bolsonaro alfinetou integrantes do PCdoB ao falar sobre a edi\u00e7\u00e3o de uma medida provis\u00f3ria que criar\u00e1 a carteira digital de estudantes. Ele afirmou que n\u00e3o ser\u00e1 mais preciso pagar a taxa para entidades como a Uni\u00e3o Nacional dos Estudantes (UNE), tradicionalmente comanda pela Juventude do PCdoB. &#8220;Vou facilitar a [&hellip;]<\/p>\n","protected":false},"author":1,"featured_media":28316,"comment_status":"open","ping_status":"open","sticky":false,"template":"","format":"standard","meta":{"footnotes":""},"categories":[1],"tags":[],"class_list":["post-28315","post","type-post","status-publish","format-standard","has-post-thumbnail","hentry","category-curso-de-copy"],"_links":{"self":[{"href":"https:\/\/wiy.com.br\/noticias\/wp-json\/wp\/v2\/posts\/28315","targetHints":{"allow":["GET"]}}],"collection":[{"href":"https:\/\/wiy.com.br\/noticias\/wp-json\/wp\/v2\/posts"}],"about":[{"href":"https:\/\/wiy.com.br\/noticias\/wp-json\/wp\/v2\/types\/post"}],"author":[{"embeddable":true,"href":"https:\/\/wiy.com.br\/noticias\/wp-json\/wp\/v2\/users\/1"}],"replies":[{"embeddable":true,"href":"https:\/\/wiy.com.br\/noticias\/wp-json\/wp\/v2\/comments?post=28315"}],"version-history":[{"count":0,"href":"https:\/\/wiy.com.br\/noticias\/wp-json\/wp\/v2\/posts\/28315\/revisions"}],"wp:featuredmedia":[{"embeddable":true,"href":"https:\/\/wiy.com.br\/noticias\/wp-json\/wp\/v2\/media\/28316"}],"wp:attachment":[{"href":"https:\/\/wiy.com.br\/noticias\/wp-json\/wp\/v2\/media?parent=28315"}],"wp:term":[{"taxonomy":"category","embeddable":true,"href":"https:\/\/wiy.com.br\/noticias\/wp-json\/wp\/v2\/categories?post=28315"},{"taxonomy":"post_tag","embeddable":true,"href":"https:\/\/wiy.com.br\/noticias\/wp-json\/wp\/v2\/tags?post=28315"}],"curies":[{"name":"wp","href":"https:\/\/api.w.org\/{rel}","templated":true}]}}