{"id":28007,"date":"2023-02-26T15:08:36","date_gmt":"2023-02-26T18:08:36","guid":{"rendered":"https:\/\/wiy.com.br\/noticias\/show-de-sandy-e-junior-em-curitiba-acompanhe-em-tempo-real\/"},"modified":"2019-08-31T16:36:28","modified_gmt":"2019-08-31T19:36:28","slug":"show-de-sandy-e-junior-em-curitiba-acompanhe-em-tempo-real","status":"publish","type":"post","link":"https:\/\/wiy.com.br\/noticias\/show-de-sandy-e-junior-em-curitiba-acompanhe-em-tempo-real\/","title":{"rendered":"Show de Sandy e Junior em Curitiba; acompanhe em tempo real"},"content":{"rendered":"<p> <br \/>\n<br \/>Hoje \u00e9 dia de mais um show da turn\u00ea &#034;Nossa hist\u00f3ria&#034;, de Sandy e Junior, em Curitiba. Sob uma forte chuva, a produ\u00e7\u00e3o da turn\u00ea &#034;Nossa hist\u00f3ria&#034; confirmou que a passagem de som na Pedreira Paulo Leminski foi cancelada. A previs\u00e3o \u00e9 de mais chuva ao&#8230;<\/p>\n<p><a href=\"https:\/\/extra.globo.com\/sandy-e-junior\/show-de-sandy-junior-em-curitiba-acompanhe-em-tempo-real-23919326.html\">Leia mais<\/a><\/p>\n<p>\t\t\t\t\t\t\t\t\t\t\t<img title = \"[Tags]\"alt = \"whatsapp-image-2019-08-31-at-15.41.32.jpeg Show de Sandy e Junior em Curitiba; acompanhe em tempo real\"decoding=\"async\" src=\"https:\/\/extra.globo.com\/incoming\/23919255-af4-9b7\/w311h175-PROP\/whatsapp-image-2019-08-31-at-15.41.32.jpeg.jpg\" \/><br \/>\n<br \/><br \/>\n<br \/><a href=\"https:\/\/extra.globo.com\/sandy-e-junior\/show-de-sandy-junior-em-curitiba-acompanhe-em-tempo-real-23919326.html\">Fonte do Artigo <\/a><br \/>\nTags:<br \/>\n#noticia #n #noticias #venezuela #o #instagram #cicpc #policia #ultimahora #seguridad #informaci #portuseguridad #paz #urgente #tudenunciaeslapazdetodos #atenci #policiacientifica #criminalisticacicpc #criminalistica #not #douglasrico #eficienciaonada #gobiernodecalle #brasil #sucesos #jornalismo #informa #news #a<\/p>\n","protected":false},"excerpt":{"rendered":"<p>Hoje \u00e9 dia de mais um show da turn\u00ea &#034;Nossa hist\u00f3ria&#034;, de Sandy e Junior, em Curitiba. Sob uma forte chuva, a produ\u00e7\u00e3o da turn\u00ea &#034;Nossa hist\u00f3ria&#034; confirmou que a passagem de som na Pedreira Paulo Leminski foi cancelada. A previs\u00e3o \u00e9 de mais chuva ao&#8230; Leia mais Fonte do Artigo Tags: #noticia #n #noticias [&hellip;]<\/p>\n","protected":false},"author":1,"featured_media":28008,"comment_status":"open","ping_status":"open","sticky":false,"template":"","format":"standard","meta":{"footnotes":""},"categories":[337],"tags":[],"class_list":["post-28007","post","type-post","status-publish","format-standard","has-post-thumbnail","hentry","category-noticias"],"_links":{"self":[{"href":"https:\/\/wiy.com.br\/noticias\/wp-json\/wp\/v2\/posts\/28007","targetHints":{"allow":["GET"]}}],"collection":[{"href":"https:\/\/wiy.com.br\/noticias\/wp-json\/wp\/v2\/posts"}],"about":[{"href":"https:\/\/wiy.com.br\/noticias\/wp-json\/wp\/v2\/types\/post"}],"author":[{"embeddable":true,"href":"https:\/\/wiy.com.br\/noticias\/wp-json\/wp\/v2\/users\/1"}],"replies":[{"embeddable":true,"href":"https:\/\/wiy.com.br\/noticias\/wp-json\/wp\/v2\/comments?post=28007"}],"version-history":[{"count":0,"href":"https:\/\/wiy.com.br\/noticias\/wp-json\/wp\/v2\/posts\/28007\/revisions"}],"wp:featuredmedia":[{"embeddable":true,"href":"https:\/\/wiy.com.br\/noticias\/wp-json\/wp\/v2\/media\/28008"}],"wp:attachment":[{"href":"https:\/\/wiy.com.br\/noticias\/wp-json\/wp\/v2\/media?parent=28007"}],"wp:term":[{"taxonomy":"category","embeddable":true,"href":"https:\/\/wiy.com.br\/noticias\/wp-json\/wp\/v2\/categories?post=28007"},{"taxonomy":"post_tag","embeddable":true,"href":"https:\/\/wiy.com.br\/noticias\/wp-json\/wp\/v2\/tags?post=28007"}],"curies":[{"name":"wp","href":"https:\/\/api.w.org\/{rel}","templated":true}]}}