{"id":27990,"date":"2023-02-26T15:19:17","date_gmt":"2023-02-26T18:19:17","guid":{"rendered":"https:\/\/wiy.com.br\/noticias\/casamento-de-barbara-evans-sera-numa-fazenda-no-interior-de-sao-paulo\/"},"modified":"2019-08-31T13:33:16","modified_gmt":"2019-08-31T16:33:16","slug":"casamento-de-barbara-evans-sera-numa-fazenda-no-interior-de-sao-paulo","status":"publish","type":"post","link":"https:\/\/wiy.com.br\/noticias\/casamento-de-barbara-evans-sera-numa-fazenda-no-interior-de-sao-paulo\/","title":{"rendered":"Casamento de B\u00e1rbara Evans ser\u00e1 numa fazenda no interior de S\u00e3o Paulo"},"content":{"rendered":"<p> <br \/>\n<br \/>Casamento de B\u00e1rbara Evans ser\u00e1 no campo. A filha de Monique Evans vai se casar com o empres\u00e1rio Gustavo Theodoro, que pediu a sua m\u00e3o em Paris, em julho deste ano. O local escolhido foi a Fazenda Santa Barbara, um espa\u00e7o fundado em 1868, a 50&#8230;<\/p>\n<p><a href=\"https:\/\/extra.globo.com\/famosos\/casamento-de-barbara-evans-sera-numa-fazenda-no-interior-de-sao-paulo-23919075.html\">Leia mais<\/a><\/p>\n<p>\t\t\t\t\t\t\t\t\t\t\t<img title = \"[Tags]\"alt = \"barbara-evans-e-o-noivo-gustavo-thedoro Casamento de B\u00e1rbara Evans ser\u00e1 numa fazenda no interior de S\u00e3o Paulo\"decoding=\"async\" src=\"https:\/\/extra.globo.com\/incoming\/23919079-7e8-bd1\/w311h175-PROP\/barbara-evans-e-o-noivo-gustavo-thedoro.jpg\" \/><br \/>\n<br \/><br \/>\n<br \/><a href=\"https:\/\/extra.globo.com\/famosos\/casamento-de-barbara-evans-sera-numa-fazenda-no-interior-de-sao-paulo-23919075.html\">Fonte do Artigo <\/a><br \/>\nTags:<br \/>\n#noticia #n #noticias #venezuela #o #instagram #cicpc #policia #ultimahora #seguridad #informaci #portuseguridad #paz #urgente #tudenunciaeslapazdetodos #atenci #policiacientifica #criminalisticacicpc #criminalistica #not #douglasrico #eficienciaonada #gobiernodecalle #brasil #sucesos #jornalismo #informa #news #a<\/p>\n","protected":false},"excerpt":{"rendered":"<p>Casamento de B\u00e1rbara Evans ser\u00e1 no campo. A filha de Monique Evans vai se casar com o empres\u00e1rio Gustavo Theodoro, que pediu a sua m\u00e3o em Paris, em julho deste ano. O local escolhido foi a Fazenda Santa Barbara, um espa\u00e7o fundado em 1868, a 50&#8230; Leia mais Fonte do Artigo Tags: #noticia #n #noticias [&hellip;]<\/p>\n","protected":false},"author":1,"featured_media":27991,"comment_status":"open","ping_status":"open","sticky":false,"template":"","format":"standard","meta":{"footnotes":""},"categories":[337],"tags":[],"class_list":["post-27990","post","type-post","status-publish","format-standard","has-post-thumbnail","hentry","category-noticias"],"_links":{"self":[{"href":"https:\/\/wiy.com.br\/noticias\/wp-json\/wp\/v2\/posts\/27990","targetHints":{"allow":["GET"]}}],"collection":[{"href":"https:\/\/wiy.com.br\/noticias\/wp-json\/wp\/v2\/posts"}],"about":[{"href":"https:\/\/wiy.com.br\/noticias\/wp-json\/wp\/v2\/types\/post"}],"author":[{"embeddable":true,"href":"https:\/\/wiy.com.br\/noticias\/wp-json\/wp\/v2\/users\/1"}],"replies":[{"embeddable":true,"href":"https:\/\/wiy.com.br\/noticias\/wp-json\/wp\/v2\/comments?post=27990"}],"version-history":[{"count":0,"href":"https:\/\/wiy.com.br\/noticias\/wp-json\/wp\/v2\/posts\/27990\/revisions"}],"wp:featuredmedia":[{"embeddable":true,"href":"https:\/\/wiy.com.br\/noticias\/wp-json\/wp\/v2\/media\/27991"}],"wp:attachment":[{"href":"https:\/\/wiy.com.br\/noticias\/wp-json\/wp\/v2\/media?parent=27990"}],"wp:term":[{"taxonomy":"category","embeddable":true,"href":"https:\/\/wiy.com.br\/noticias\/wp-json\/wp\/v2\/categories?post=27990"},{"taxonomy":"post_tag","embeddable":true,"href":"https:\/\/wiy.com.br\/noticias\/wp-json\/wp\/v2\/tags?post=27990"}],"curies":[{"name":"wp","href":"https:\/\/api.w.org\/{rel}","templated":true}]}}