{"id":27807,"date":"2023-02-26T15:34:46","date_gmt":"2023-02-26T18:34:46","guid":{"rendered":"https:\/\/wiy.com.br\/noticias\/em-33-anos-area-desmatada-no-brasil-equivale-a-tres-estados-de-sao-paulo\/"},"modified":"2019-08-30T08:40:14","modified_gmt":"2019-08-30T11:40:14","slug":"em-33-anos-area-desmatada-no-brasil-equivale-a-tres-estados-de-sao-paulo","status":"publish","type":"post","link":"https:\/\/wiy.com.br\/noticias\/em-33-anos-area-desmatada-no-brasil-equivale-a-tres-estados-de-sao-paulo\/","title":{"rendered":"Em 33 anos, \u00e1rea desmatada no Brasil equivale a tr\u00eas estados de S\u00e3o Paulo"},"content":{"rendered":"<p> <br \/>\n<\/p>\n<p>Em pouco mais de 30 anos, o Brasil <strong><a href=\"https:\/\/exame.abril.com.br\/noticias-sobre\/desmatamento\/\">perdeu<\/a><\/strong> 89 milh\u00f5es de hectares de \u00e1reas nativas &#8211; o equivalente a 3,6 vezes a \u00e1rea do Estado de S\u00e3o Paulo. \u00c9 o que mostra uma nova cole\u00e7\u00e3o de dados do MapBiomas iniciativa de universidades, empresas de tecnologia e <a href=\"https:\/\/exame.abril.com.br\/noticias-sobre\/ongs\" target=\"_blank\" rel=\"noopener noreferrer\"><strong>organiza\u00e7\u00f5es n\u00e3o governamentais<\/strong><\/a> que mapeia todas as mudan\u00e7as na cobertura e no uso da terra no Pa\u00eds.<\/p>\n<p>O levantamento, divulgado pelo grupo na quinta-feira, 29, mostra que, entre 1985 e 2018, o Brasil perdeu 82 milh\u00f5es de hectares (Mha) de vegeta\u00e7\u00e3o florestal e mais 7 Mha de outros tipos de vegeta\u00e7\u00e3o nativa, mas que n\u00e3o s\u00e3o florestas, como Cerrado, campos e Pantanal. A agropecu\u00e1ria, por sua vez, cresceu no mesmo per\u00edodo quase tanto quanto o Pa\u00eds sofreu de desmatamento: 86 Mha.<\/p>\n<p>As florestas, que representavam 69% do territ\u00f3rio brasileiro em 1985, passaram a ocupar 59% do espa\u00e7o no ano passado. J\u00e1 a agropecu\u00e1ria passou de 20% para 31% no per\u00edodo.<\/p>\n<p>Comparando os dois anos, a \u00e1rea de floresta natural no Brasil passou de 587 Mha para 505 Mha, ou seja, uma queda de 14%; os outros tipos de vegeta\u00e7\u00e3o passaram de 71 Mha para 64 Mha, o que representa uma diminui\u00e7\u00e3o de 9,85%. J\u00e1 a agropecu\u00e1ria passou de 174 Mha para 260 Mha &#8211; alta de 49%.<\/p>\n<p>O projeto de mapeamento tamb\u00e9m permite avaliar como evoluiu a ocupa\u00e7\u00e3o desses locais ao longo das d\u00e9cadas no Pa\u00eds. De acordo com Tasso Azevedo, coordenador do MapBiomas, na Amaz\u00f4nia, de cada dez hectares desmatados de floresta, tr\u00eas foram abandonados seis viraram pasto e um se transformou em agricultura, minera\u00e7\u00e3o ou passou por um processo de urbaniza\u00e7\u00e3o.<\/p>\n<div class=\"widget-news widget-box no-margin no-border\"><span class=\"widget-news-title content-box-title\">Veja tamb\u00e9m<\/span><\/p>\n<ul class=\"widget-news-list\">\n<li class=\"widget-news-item without-thumb with-border\">\n<div class=\"widget-news-info\"><a href=\"http:\/\/exame.abril.com.br\/brasil\">BRASIL<\/a><span class=\"widget-news-item-title\"><a href=\"https:\/\/exame.abril.com.br\/brasil\/amazonia-forca-nacional-reforca-acao-do-ibama-no-combate-ao-desmatamento\/\">Amaz\u00f4nia: For\u00e7a Nacional refor\u00e7a a\u00e7\u00e3o do Ibama no combate ao desmatamento<\/a><\/span><span class=\"widget-news-item-date\">27 ago 2019 &#8211; 10h08<\/span><\/div>\n<\/li>\n<li class=\"widget-news-item without-thumb with-border\">\n<div class=\"widget-news-info\"><a href=\"http:\/\/exame.abril.com.br\/brasil\">BRASIL<\/a><span class=\"widget-news-item-title\"><a href=\"https:\/\/exame.abril.com.br\/brasil\/em-terra-de-ninguem-pequeno-agricultor-desmata-amazonia-para-sobreviver\/\">Em &#8220;terra de ningu\u00e9m&#8221;, pequeno agricultor desmata Amaz\u00f4nia para sobreviver<\/a><\/span><span class=\"widget-news-item-date\">27 ago 2019 &#8211; 11h08<\/span><\/div>\n<\/li>\n<\/ul>\n<\/div>\n<p>Para o Brasil como um todo, houve uma transforma\u00e7\u00e3o das \u00e1reas de pastagem em agricultura. No geral, as primeiras se estabilizaram a partir de 2005, enquanto que as \u00faltimas cresceram e at\u00e9 se aceleraram nos \u00faltimos anos, segundo Azevedo.<\/p>\n<p>Esse cen\u00e1rio n\u00e3o se confirma, por\u00e9m, na Amaz\u00f4nia. Na regi\u00e3o, as \u00e1reas de pastagens cresceram de 45 milh\u00f5es de hectares em 2005 para 53 milh\u00f5es de hectares no ano passado.<\/p>\n<h3>\u00c1reas privadas<\/h3>\n<p>O estudo, feito com base na an\u00e1lise de imagens do sat\u00e9lite Landsat, da Nasa, tamb\u00e9m revela em que tipo de \u00e1rea se deu a maior parte da perda de cobertura florestal. As \u00e1reas privadas, com registro no Cadastro Ambiental Rural (CAR), perderam aproximadamente 20% de sua cobertura. Em \u00e1reas p\u00fablicas n\u00e3o destinadas, a perda foi de 5%. J\u00e1 em \u00e1reas protegidas, como unidades de conserva\u00e7\u00e3o e terras ind\u00edgenas, a perda foi menor: de aproximadamente 0,5%. As informa\u00e7\u00f5es s\u00e3o do jornal O Estado de S. Paulo.<\/p>\n<p><br \/>\n<br \/><a href=\"https:\/\/exame.abril.com.br\/brasil\/em-33-anos-area-desmatada-no-brasil-equivale-a-tres-estados-de-sao-paulo\/\">Fonte do artigo <\/a><br \/>\nTags:<br \/>\n#politica #political #negocios #business #marketingdigital #empreendedorismo #marketing #emprendedores #empreender #sucesso #empresas #emprendimiento #emprendedor #empreendedor #emprender #dinheiro #dinero #empresario #vendas #liderazgo #motivacion #foco #motivacao #negocio #brasil<\/p>\n","protected":false},"excerpt":{"rendered":"<p>Em pouco mais de 30 anos, o Brasil perdeu 89 milh\u00f5es de hectares de \u00e1reas nativas &#8211; o equivalente a 3,6 vezes a \u00e1rea do Estado de S\u00e3o Paulo. \u00c9 o que mostra uma nova cole\u00e7\u00e3o de dados do MapBiomas iniciativa de universidades, empresas de tecnologia e organiza\u00e7\u00f5es n\u00e3o governamentais que mapeia todas as mudan\u00e7as [&hellip;]<\/p>\n","protected":false},"author":1,"featured_media":27808,"comment_status":"open","ping_status":"open","sticky":false,"template":"","format":"standard","meta":{"footnotes":""},"categories":[1],"tags":[],"class_list":["post-27807","post","type-post","status-publish","format-standard","has-post-thumbnail","hentry","category-curso-de-copy"],"_links":{"self":[{"href":"https:\/\/wiy.com.br\/noticias\/wp-json\/wp\/v2\/posts\/27807","targetHints":{"allow":["GET"]}}],"collection":[{"href":"https:\/\/wiy.com.br\/noticias\/wp-json\/wp\/v2\/posts"}],"about":[{"href":"https:\/\/wiy.com.br\/noticias\/wp-json\/wp\/v2\/types\/post"}],"author":[{"embeddable":true,"href":"https:\/\/wiy.com.br\/noticias\/wp-json\/wp\/v2\/users\/1"}],"replies":[{"embeddable":true,"href":"https:\/\/wiy.com.br\/noticias\/wp-json\/wp\/v2\/comments?post=27807"}],"version-history":[{"count":0,"href":"https:\/\/wiy.com.br\/noticias\/wp-json\/wp\/v2\/posts\/27807\/revisions"}],"wp:featuredmedia":[{"embeddable":true,"href":"https:\/\/wiy.com.br\/noticias\/wp-json\/wp\/v2\/media\/27808"}],"wp:attachment":[{"href":"https:\/\/wiy.com.br\/noticias\/wp-json\/wp\/v2\/media?parent=27807"}],"wp:term":[{"taxonomy":"category","embeddable":true,"href":"https:\/\/wiy.com.br\/noticias\/wp-json\/wp\/v2\/categories?post=27807"},{"taxonomy":"post_tag","embeddable":true,"href":"https:\/\/wiy.com.br\/noticias\/wp-json\/wp\/v2\/tags?post=27807"}],"curies":[{"name":"wp","href":"https:\/\/api.w.org\/{rel}","templated":true}]}}