{"id":27782,"date":"2023-02-26T15:08:36","date_gmt":"2023-02-26T18:08:36","guid":{"rendered":"https:\/\/wiy.com.br\/noticias\/presidente-da-camara-de-belford-roxo-impetra-mandado-de-seguranca-contra-prefeito-documentacao-da-casa-vira-caso-de-policia\/"},"modified":"2019-08-30T06:02:29","modified_gmt":"2019-08-30T09:02:29","slug":"presidente-da-camara-de-belford-roxo-impetra-mandado-de-seguranca-contra-prefeito-documentacao-da-casa-vira-caso-de-policia","status":"publish","type":"post","link":"https:\/\/wiy.com.br\/noticias\/presidente-da-camara-de-belford-roxo-impetra-mandado-de-seguranca-contra-prefeito-documentacao-da-casa-vira-caso-de-policia\/","title":{"rendered":"Presidente da C\u00e2mara de Belford Roxo impetra mandado de seguran\u00e7a contra prefeito; documenta\u00e7\u00e3o da Casa vira caso de pol\u00edcia"},"content":{"rendered":"<p> <br \/>\n<br \/>O presidente da C\u00e2mara de Belford Roxo, Marcio Cardoso Pagniez, o Marcinho Bombeiro (PSL), impetrou um mandado de seguran\u00e7a contra o prefeito Wagner dos Santos Carneiro, o Waguinho (MDB), e o Munic\u00edpio por abuso de poder.De acordo com o vereador, o&#8230;<\/p>\n<p><a href=\"https:\/\/extra.globo.com\/noticias\/rio\/presidente-da-camara-de-belford-roxo-impetra-mandado-de-seguranca-contra-prefeito-documentacao-da-casa-vira-caso-de-policia-23915829.html\">Leia mais<\/a><\/p>\n<p>\t\t\t\t\t\t\t\t\t\t\t<img title = \"[Tags]\"alt = \"infochpdpict000068625322 Presidente da C\u00e2mara de Belford Roxo impetra mandado de seguran\u00e7a contra prefeito; documenta\u00e7\u00e3o da Casa vira caso de pol\u00edcia\"decoding=\"async\" src=\"https:\/\/extra.globo.com\/incoming\/23915827-329-53b\/w311h175-PROP\/infochpdpict000068625322.jpg\" \/><br \/>\n<br \/><br \/>\n<br \/><a href=\"https:\/\/extra.globo.com\/noticias\/rio\/presidente-da-camara-de-belford-roxo-impetra-mandado-de-seguranca-contra-prefeito-documentacao-da-casa-vira-caso-de-policia-23915829.html\">Fonte do Artigo <\/a><br \/>\nTags:<br \/>\n#noticia #n #noticias #venezuela #o #instagram #cicpc #policia #ultimahora #seguridad #informaci #portuseguridad #paz #urgente #tudenunciaeslapazdetodos #atenci #policiacientifica #criminalisticacicpc #criminalistica #not #douglasrico #eficienciaonada #gobiernodecalle #brasil #sucesos #jornalismo #informa #news #a<\/p>\n","protected":false},"excerpt":{"rendered":"<p>O presidente da C\u00e2mara de Belford Roxo, Marcio Cardoso Pagniez, o Marcinho Bombeiro (PSL), impetrou um mandado de seguran\u00e7a contra o prefeito Wagner dos Santos Carneiro, o Waguinho (MDB), e o Munic\u00edpio por abuso de poder.De acordo com o vereador, o&#8230; Leia mais Fonte do Artigo Tags: #noticia #n #noticias #venezuela #o #instagram #cicpc #policia [&hellip;]<\/p>\n","protected":false},"author":1,"featured_media":27783,"comment_status":"open","ping_status":"open","sticky":false,"template":"","format":"standard","meta":{"footnotes":""},"categories":[337],"tags":[],"class_list":["post-27782","post","type-post","status-publish","format-standard","has-post-thumbnail","hentry","category-noticias"],"_links":{"self":[{"href":"https:\/\/wiy.com.br\/noticias\/wp-json\/wp\/v2\/posts\/27782","targetHints":{"allow":["GET"]}}],"collection":[{"href":"https:\/\/wiy.com.br\/noticias\/wp-json\/wp\/v2\/posts"}],"about":[{"href":"https:\/\/wiy.com.br\/noticias\/wp-json\/wp\/v2\/types\/post"}],"author":[{"embeddable":true,"href":"https:\/\/wiy.com.br\/noticias\/wp-json\/wp\/v2\/users\/1"}],"replies":[{"embeddable":true,"href":"https:\/\/wiy.com.br\/noticias\/wp-json\/wp\/v2\/comments?post=27782"}],"version-history":[{"count":0,"href":"https:\/\/wiy.com.br\/noticias\/wp-json\/wp\/v2\/posts\/27782\/revisions"}],"wp:featuredmedia":[{"embeddable":true,"href":"https:\/\/wiy.com.br\/noticias\/wp-json\/wp\/v2\/media\/27783"}],"wp:attachment":[{"href":"https:\/\/wiy.com.br\/noticias\/wp-json\/wp\/v2\/media?parent=27782"}],"wp:term":[{"taxonomy":"category","embeddable":true,"href":"https:\/\/wiy.com.br\/noticias\/wp-json\/wp\/v2\/categories?post=27782"},{"taxonomy":"post_tag","embeddable":true,"href":"https:\/\/wiy.com.br\/noticias\/wp-json\/wp\/v2\/tags?post=27782"}],"curies":[{"name":"wp","href":"https:\/\/api.w.org\/{rel}","templated":true}]}}