{"id":27727,"date":"2023-02-26T15:08:37","date_gmt":"2023-02-26T18:08:37","guid":{"rendered":"https:\/\/wiy.com.br\/noticias\/ator-de-orfaos-da-terra-mostra-caracterizacao-para-viver-cravinhos-no-filme-sobre-suzane-richthofen\/"},"modified":"2019-08-29T19:52:24","modified_gmt":"2019-08-29T22:52:24","slug":"ator-de-orfaos-da-terra-mostra-caracterizacao-para-viver-cravinhos-no-filme-sobre-suzane-richthofen","status":"publish","type":"post","link":"https:\/\/wiy.com.br\/noticias\/ator-de-orfaos-da-terra-mostra-caracterizacao-para-viver-cravinhos-no-filme-sobre-suzane-richthofen\/","title":{"rendered":"Ator de &#039;\u00d3rf\u00e3os da terra&#039; mostra caracteriza\u00e7\u00e3o para viver Cravinhos no filme sobre Suzane Richthofen"},"content":{"rendered":"<p> <br \/>\n<br \/>Est\u00e1 tudo pronto para o in\u00edcio das filmagens\u00a0 em S\u00e3o Paulo do longa sobre Suzane Richthofen, condenada pelo assassinato dos pais ocorrido em 2002. O papel principal ser\u00e1 vivido por Carla Diaz. Cristian Cravinhos, namorado de\u00a0 Suzane na \u00e9poca e&#8230;<\/p>\n<p><a href=\"https:\/\/extra.globo.com\/famosos\/ator-de-orfaos-da-terra-mostra-caracterizacao-para-viver-cravinhos-no-filme-sobre-suzane-richthofen-23914928.html\">Leia mais<\/a><\/p>\n<p>\t\t\t\t\t\t\t\t\t\t\t<img title = \"[Tags]\"alt = \"allansouzalima Ator de &#039;\u00d3rf\u00e3os da terra&#039; mostra caracteriza\u00e7\u00e3o para viver Cravinhos no filme sobre Suzane Richthofen\"decoding=\"async\" src=\"https:\/\/extra.globo.com\/incoming\/23914921-dc5-c1c\/w311h175-PROP\/allansouzalima.png\" \/><br \/>\n<br \/><br \/>\n<br \/><a href=\"https:\/\/extra.globo.com\/famosos\/ator-de-orfaos-da-terra-mostra-caracterizacao-para-viver-cravinhos-no-filme-sobre-suzane-richthofen-23914928.html\">Fonte do Artigo <\/a><br \/>\nTags:<br \/>\n#noticia #n #noticias #venezuela #o #instagram #cicpc #policia #ultimahora #seguridad #informaci #portuseguridad #paz #urgente #tudenunciaeslapazdetodos #atenci #policiacientifica #criminalisticacicpc #criminalistica #not #douglasrico #eficienciaonada #gobiernodecalle #brasil #sucesos #jornalismo #informa #news #a<\/p>\n","protected":false},"excerpt":{"rendered":"<p>Est\u00e1 tudo pronto para o in\u00edcio das filmagens\u00a0 em S\u00e3o Paulo do longa sobre Suzane Richthofen, condenada pelo assassinato dos pais ocorrido em 2002. O papel principal ser\u00e1 vivido por Carla Diaz. Cristian Cravinhos, namorado de\u00a0 Suzane na \u00e9poca e&#8230; Leia mais Fonte do Artigo Tags: #noticia #n #noticias #venezuela #o #instagram #cicpc #policia #ultimahora [&hellip;]<\/p>\n","protected":false},"author":1,"featured_media":27728,"comment_status":"open","ping_status":"open","sticky":false,"template":"","format":"standard","meta":{"footnotes":""},"categories":[337],"tags":[],"class_list":["post-27727","post","type-post","status-publish","format-standard","has-post-thumbnail","hentry","category-noticias"],"_links":{"self":[{"href":"https:\/\/wiy.com.br\/noticias\/wp-json\/wp\/v2\/posts\/27727","targetHints":{"allow":["GET"]}}],"collection":[{"href":"https:\/\/wiy.com.br\/noticias\/wp-json\/wp\/v2\/posts"}],"about":[{"href":"https:\/\/wiy.com.br\/noticias\/wp-json\/wp\/v2\/types\/post"}],"author":[{"embeddable":true,"href":"https:\/\/wiy.com.br\/noticias\/wp-json\/wp\/v2\/users\/1"}],"replies":[{"embeddable":true,"href":"https:\/\/wiy.com.br\/noticias\/wp-json\/wp\/v2\/comments?post=27727"}],"version-history":[{"count":0,"href":"https:\/\/wiy.com.br\/noticias\/wp-json\/wp\/v2\/posts\/27727\/revisions"}],"wp:featuredmedia":[{"embeddable":true,"href":"https:\/\/wiy.com.br\/noticias\/wp-json\/wp\/v2\/media\/27728"}],"wp:attachment":[{"href":"https:\/\/wiy.com.br\/noticias\/wp-json\/wp\/v2\/media?parent=27727"}],"wp:term":[{"taxonomy":"category","embeddable":true,"href":"https:\/\/wiy.com.br\/noticias\/wp-json\/wp\/v2\/categories?post=27727"},{"taxonomy":"post_tag","embeddable":true,"href":"https:\/\/wiy.com.br\/noticias\/wp-json\/wp\/v2\/tags?post=27727"}],"curies":[{"name":"wp","href":"https:\/\/api.w.org\/{rel}","templated":true}]}}