{"id":27580,"date":"2023-02-26T15:22:08","date_gmt":"2023-02-26T18:22:08","guid":{"rendered":"https:\/\/wiy.com.br\/noticias\/conselho-de-etica-pune-douglas-garcia-por-ofensa-a-transexuais\/"},"modified":"2019-08-28T20:08:10","modified_gmt":"2019-08-28T23:08:10","slug":"conselho-de-etica-pune-douglas-garcia-por-ofensa-a-transexuais","status":"publish","type":"post","link":"https:\/\/wiy.com.br\/noticias\/conselho-de-etica-pune-douglas-garcia-por-ofensa-a-transexuais\/","title":{"rendered":"Conselho de \u00c9tica pune Douglas Garcia por ofensa a transexuais"},"content":{"rendered":"<p> <br \/>\n<\/p>\n<p>O Conselho de \u00c9tica da Assembleia Legislativa de S\u00e3o Paulo aceitou nesta quarta-feira (28) uma den\u00fancia contra o deputado Douglas Garcia (PSL), acusado de quebra de decoro parlamentar. A decis\u00e3o foi tomada por unanimidade &#8211; os cinco parlamentares presentes na reuni\u00e3o do colegiado votaram a favor do acolhimento.<\/p>\n<p>Garcia virou alvo de uma representa\u00e7\u00e3o, aberta ap\u00f3s o parlamentar ter sido transf\u00f3bico durante uma sess\u00e3o plen\u00e1ria ocorrida em 3 de abril.<\/p>\n<p>Na ocasi\u00e3o, ele afirmou que tiraria uma <a href=\"https:\/\/vejasp.abril.com.br\/cidades\/deputado-do-psl-diz-que-tiraria-pessoa-trans-a-tapa-de-banheiro\/\">pessoa transexual no tapa, caso<\/a> encontrasse com uma no banheiro. <em>&#8220;Se por um acaso, dentro do banheiro de uma mulher que a minha m\u00e3e ou a minha irm\u00e3 for utilizar entre um homem que se sente mulher, eu n\u00e3o estou nem a\u00ed. Eu vou tirar ele l\u00e1 de dentro primeiro no tapa. E depois chamar a pol\u00edcia para levar ele embora. Porque \u00e9 esse o ponto a que chegamos no Brasil<\/em>\u201d, disse Garcia, tamb\u00e9m vice-presidente do movimento conservador Direita S\u00e3o Paulo. \u201c<em>Esse homem pode ter arrancado o que ele quiser, ou colocado o que ele quiser. Acho que \u00e9 preciso respeitar a biologia e os valores do nosso povo.<\/em>\u201d<\/p>\n<p>Essa declara\u00e7\u00e3o foi dada em resposta a um discurso feito anteriormente pela deputada Erica Malunguinho (PSOL), a primeira parlamentar transexual eleita na hist\u00f3ria da Assembleia. Erica estava criticando um projeto de lei proposto por um deputado da Igreja Universal do Reino de Deus que pro\u00edbe a participa\u00e7\u00e3o de atletas transexuais em esportes femininos.<\/p>\n<p>A presidente do conselho, deputada Maria L\u00facia Amary (PSDB), disse que Garcia ser\u00e1 punido com uma advert\u00eancia. &#8220;Desde 1999 que um parlamentar da Casa n\u00e3o sofria nenhum tipo de san\u00e7\u00e3o do conselho&#8221;, afirmou. &#8220;Isso fica marcado no curr\u00edculo do deputado. E, se for acumulando, pode culminar at\u00e9 em cassa\u00e7\u00e3o de mandato.&#8221;<\/p>\n<p>Composto por nove membros, o Conselho de \u00c9tica da Assembleia tem a prerrogativa de definir o tipo de puni\u00e7\u00e3o a ser aplicada em um deputado acusado por quebra de decoro. Ela varia de advert\u00eancia \u00e0 cassa\u00e7\u00e3o de mandato. Caso a pena seja a cassa\u00e7\u00e3o, o caso deve ser apreciado tamb\u00e9m pelo plen\u00e1rio da Casa.<\/p>\n<p>Em nota, Garcia lamentou a decis\u00e3o do conselho, chamada por ele de &#8220;exagerada&#8221;. &#8220;O deputado lamenta profundamente as decis\u00f5es exageradas do Conselho de \u00c9tica&#8221;, diz o texto. O parlamentar rebate que o colegiado arquivou casos, na opini\u00e3o dele, &#8220;muito mais graves&#8221;. &#8220;A<span> exemplo da agress\u00e3o f\u00edsica do ent\u00e3o deputado petista Jo\u00e3o Paulo Rillo a um policial militar nas depend\u00eancias da Assembleia Legislativa, a agress\u00e3o f\u00edsica do deputado psolista Carlos Giannazzi a uma mulher ativista, que teve o bra\u00e7o quebrado, e o caso recente do deputado petista Em\u00eddio de Souza que insuflou a milit\u00e2ncia de esquerda a perseguir deputados conservadores&#8221;, escreveu.\u00a0<\/span><\/p>\n<p><br \/>\n<br \/><a href=\"https:\/\/vejasp.abril.com.br\/cidades\/conselho-etica-douglas-garcia-deputada-transexual\/\">Fonte do Artigo <\/a><br \/>\nTags:<br \/>\n#loterias #loteriascaixa #megasena #resultadoapostas#noticias #noticiario  #noticia #brasil #noticiascolombia #mundo #esporte #colombia #noticiadeld #ltimasnoticias  #noticiario #noticiasregionales #noticiasdepartamentales #noticiashoy #esportes #noticiaahora #elinformantenoticias #noticiasdeboyac  #esporteinterativo #esportivo #diariodosesportes  #noticiero  #jogodefutebol #jogos #loto #apostas<\/p>\n","protected":false},"excerpt":{"rendered":"<p>O Conselho de \u00c9tica da Assembleia Legislativa de S\u00e3o Paulo aceitou nesta quarta-feira (28) uma den\u00fancia contra o deputado Douglas Garcia (PSL), acusado de quebra de decoro parlamentar. A decis\u00e3o foi tomada por unanimidade &#8211; os cinco parlamentares presentes na reuni\u00e3o do colegiado votaram a favor do acolhimento. Garcia virou alvo de uma representa\u00e7\u00e3o, aberta [&hellip;]<\/p>\n","protected":false},"author":1,"featured_media":15007,"comment_status":"open","ping_status":"open","sticky":false,"template":"","format":"standard","meta":{"footnotes":""},"categories":[1],"tags":[],"class_list":["post-27580","post","type-post","status-publish","format-standard","has-post-thumbnail","hentry","category-curso-de-copy"],"_links":{"self":[{"href":"https:\/\/wiy.com.br\/noticias\/wp-json\/wp\/v2\/posts\/27580","targetHints":{"allow":["GET"]}}],"collection":[{"href":"https:\/\/wiy.com.br\/noticias\/wp-json\/wp\/v2\/posts"}],"about":[{"href":"https:\/\/wiy.com.br\/noticias\/wp-json\/wp\/v2\/types\/post"}],"author":[{"embeddable":true,"href":"https:\/\/wiy.com.br\/noticias\/wp-json\/wp\/v2\/users\/1"}],"replies":[{"embeddable":true,"href":"https:\/\/wiy.com.br\/noticias\/wp-json\/wp\/v2\/comments?post=27580"}],"version-history":[{"count":0,"href":"https:\/\/wiy.com.br\/noticias\/wp-json\/wp\/v2\/posts\/27580\/revisions"}],"wp:featuredmedia":[{"embeddable":true,"href":"https:\/\/wiy.com.br\/noticias\/wp-json\/wp\/v2\/media\/15007"}],"wp:attachment":[{"href":"https:\/\/wiy.com.br\/noticias\/wp-json\/wp\/v2\/media?parent=27580"}],"wp:term":[{"taxonomy":"category","embeddable":true,"href":"https:\/\/wiy.com.br\/noticias\/wp-json\/wp\/v2\/categories?post=27580"},{"taxonomy":"post_tag","embeddable":true,"href":"https:\/\/wiy.com.br\/noticias\/wp-json\/wp\/v2\/tags?post=27580"}],"curies":[{"name":"wp","href":"https:\/\/api.w.org\/{rel}","templated":true}]}}