{"id":27313,"date":"2023-02-26T15:37:59","date_gmt":"2023-02-26T18:37:59","guid":{"rendered":"https:\/\/wiy.com.br\/noticias\/petrobras-pede-intermediacao-da-justica-do-trabalho-para-negociar-acordo-salarial\/"},"modified":"2019-08-27T01:45:11","modified_gmt":"2019-08-27T04:45:11","slug":"petrobras-pede-intermediacao-da-justica-do-trabalho-para-negociar-acordo-salarial","status":"publish","type":"post","link":"https:\/\/wiy.com.br\/noticias\/petrobras-pede-intermediacao-da-justica-do-trabalho-para-negociar-acordo-salarial\/","title":{"rendered":"Petrobras pede intermedia\u00e7\u00e3o da Justi\u00e7a do Trabalho para negociar acordo salarial"},"content":{"rendered":"<p> <br \/>\n<br \/>RIO &#8211; O an\u00fancio feito na semana passada de que est\u00e1 em\u00a0estudos a privatiza\u00e7\u00e3o da Petrobras\u00a0at\u00e9 o fim do governo Bolsonaro, acirrou os \u00e2nimos dos\u00a0 petroleiros que est\u00e3o em \u00a0campanha salarial\u00a0 de 2019\/20. A not\u00edcia da disposi\u00e7\u00e3o de privatizar a&#8230;<\/p>\n<p><a href=\"https:\/\/extra.globo.com\/noticias\/economia\/petrobras-pede-intermediacao-da-justica-do-trabalho-para-negociar-acordo-salarial-23906822.html\">Leia mais<\/a><\/p>\n<p>\t\t\t\t\t\t\t\t\t\t\t<img title = \"[Tags]\"alt = \"xpetrobraspredio-sedecarlos-ivan.pagespeed.ic.tjhbl4v-bu Petrobras pede intermedia\u00e7\u00e3o da Justi\u00e7a do Trabalho para negociar acordo salarial\"decoding=\"async\" src=\"https:\/\/extra.globo.com\/incoming\/23906817-b05-d46\/w311h175-PROP\/xpetrobraspredio-sedecarlos-ivan.pagespeed.ic.tjhbl4v-bu.jpg\" \/><br \/>\n<br \/><br \/>\n<br \/><a href=\"https:\/\/extra.globo.com\/noticias\/economia\/petrobras-pede-intermediacao-da-justica-do-trabalho-para-negociar-acordo-salarial-23906822.html\">Fonte do Artigo <\/a><br \/>\nTags:<br \/>\n#noticia #n #noticias #venezuela #o #instagram #cicpc #policia #ultimahora #seguridad #informaci #portuseguridad #paz #urgente #tudenunciaeslapazdetodos #atenci #policiacientifica #criminalisticacicpc #criminalistica #not #douglasrico #eficienciaonada #gobiernodecalle #brasil #sucesos #jornalismo #informa #news #a<\/p>\n","protected":false},"excerpt":{"rendered":"<p>RIO &#8211; O an\u00fancio feito na semana passada de que est\u00e1 em\u00a0estudos a privatiza\u00e7\u00e3o da Petrobras\u00a0at\u00e9 o fim do governo Bolsonaro, acirrou os \u00e2nimos dos\u00a0 petroleiros que est\u00e3o em \u00a0campanha salarial\u00a0 de 2019\/20. A not\u00edcia da disposi\u00e7\u00e3o de privatizar a&#8230; Leia mais Fonte do Artigo Tags: #noticia #n #noticias #venezuela #o #instagram #cicpc #policia #ultimahora [&hellip;]<\/p>\n","protected":false},"author":1,"featured_media":27314,"comment_status":"open","ping_status":"open","sticky":false,"template":"","format":"standard","meta":{"footnotes":""},"categories":[337],"tags":[],"class_list":["post-27313","post","type-post","status-publish","format-standard","has-post-thumbnail","hentry","category-noticias"],"_links":{"self":[{"href":"https:\/\/wiy.com.br\/noticias\/wp-json\/wp\/v2\/posts\/27313","targetHints":{"allow":["GET"]}}],"collection":[{"href":"https:\/\/wiy.com.br\/noticias\/wp-json\/wp\/v2\/posts"}],"about":[{"href":"https:\/\/wiy.com.br\/noticias\/wp-json\/wp\/v2\/types\/post"}],"author":[{"embeddable":true,"href":"https:\/\/wiy.com.br\/noticias\/wp-json\/wp\/v2\/users\/1"}],"replies":[{"embeddable":true,"href":"https:\/\/wiy.com.br\/noticias\/wp-json\/wp\/v2\/comments?post=27313"}],"version-history":[{"count":0,"href":"https:\/\/wiy.com.br\/noticias\/wp-json\/wp\/v2\/posts\/27313\/revisions"}],"wp:featuredmedia":[{"embeddable":true,"href":"https:\/\/wiy.com.br\/noticias\/wp-json\/wp\/v2\/media\/27314"}],"wp:attachment":[{"href":"https:\/\/wiy.com.br\/noticias\/wp-json\/wp\/v2\/media?parent=27313"}],"wp:term":[{"taxonomy":"category","embeddable":true,"href":"https:\/\/wiy.com.br\/noticias\/wp-json\/wp\/v2\/categories?post=27313"},{"taxonomy":"post_tag","embeddable":true,"href":"https:\/\/wiy.com.br\/noticias\/wp-json\/wp\/v2\/tags?post=27313"}],"curies":[{"name":"wp","href":"https:\/\/api.w.org\/{rel}","templated":true}]}}