{"id":27301,"date":"2023-02-26T15:39:12","date_gmt":"2023-02-26T18:39:12","guid":{"rendered":"https:\/\/wiy.com.br\/noticias\/eficiencia-e-inovacao-os-segredos-das-melhores-empresas-em-2019\/"},"modified":"2019-08-27T00:15:07","modified_gmt":"2019-08-27T03:15:07","slug":"eficiencia-e-inovacao-os-segredos-das-melhores-empresas-em-2019","status":"publish","type":"post","link":"https:\/\/wiy.com.br\/noticias\/eficiencia-e-inovacao-os-segredos-das-melhores-empresas-em-2019\/","title":{"rendered":"Efici\u00eancia e inova\u00e7\u00e3o: os segredos das melhores empresas em 2019"},"content":{"rendered":"<p> <br \/>\n<\/p>\n<p><span>Para continuar crescendo durante os anos de crise econ\u00f4mica, as empresas premiadas em <strong><a href=\"https:\/\/exame.abril.com.br\/noticias-sobre\/melhores-e-maiores\/\">Melhores e Maiores<\/a> <\/strong>precisaram se desdobrar para manter o investimento, atrav\u00e9s de um r\u00edgido controle de custos. Tamb\u00e9m apostaram em inova\u00e7\u00e3o para se diferenciar da concorr\u00eancia. A premia\u00e7\u00e3o de EXAME ocorre na noite desta segunda-feira, 26, em S\u00e3o Paulo.<\/span><\/p>\n<p><span>O ano de 2018, tal qual est\u00e1 sendo o de 2019, come\u00e7ou com a perspectiva de crescimento de quase 3% no PIB, para no fim das contas fechar com um avan\u00e7o de 1,1% e uma taxa de desemprego de quase 12%. Ainda assim, as 500 maiores empresas do pa\u00eds conseguiram iniciar um processo de recupera\u00e7\u00e3o das receitas e, principalmente, dos lucros.<\/span><\/p>\n<p><span>Juntas, as 500 maiores empresas do Brasil <a href=\"https:\/\/exame.abril.com.br\/negocios\/melhores-e-maiores-mais-enxutas-empresas-dobram-lucro-em-2018\/\">faturaram 810 bilh\u00f5es de d\u00f3lares no ano passado<\/a>, quase 9% a mais que em 2017. O lucro, de 63 bilh\u00f5es de d\u00f3lares, foi 123% maior que o do ano anterior.<\/span><\/p>\n<p><span>Investimento foram essenciais para que as empresas premiadas mantivessem o crescimento, um desafio durante a crise econ\u00f4mica.<\/span><\/p>\n<p><span>A Suzano Fibria, companhia de papel e celulose que anunciou a conclus\u00e3o de sua fus\u00e3o em janeiro deste ano, realiza investimentos de 5,9 bilh\u00f5es de reais por ano. \u201cN\u00f3s temos uma empresa competitiva no setor e, juntas, Suzano e Fibria ficaram mais fortes\u201d, diz Walter Schalka, presidente.<\/span><\/p>\n<p><span>A Salobo, empresa especializada em minera\u00e7\u00e3o de cobre da Vale, est\u00e1 otimista com o desenvolvimento do Brasil e do mundo e, principalmente, no setor de cobre e n\u00edquel. Por isso, a companhia iniciou este ano seu maior projeto, a usina Salobo 3, com investimento de 1,5 bilh\u00e3o de d\u00f3lares.<\/span><\/p>\n<p><span>A Cedae, Companhia Estadual de \u00c1guas e Esgotos do Rio de Janeiro, prev\u00ea investir cerca de 3,5 bilh\u00f5es de reais at\u00e9 2022 para universalizar o acesso e tratamento de \u00e1gua na regi\u00e3o da baixada fluminense. \u201cO crescimento s\u00f3 ser\u00e1 poss\u00edvel com redu\u00e7\u00e3o dos custos e melhoria da efici\u00eancia\u201d, afirma o presidente H\u00e9lio Cabral Moreira. Para ele, os anos de crise foram ben\u00e9ficos para a empresa, j\u00e1 que a obrigaram a melhorar a gest\u00e3o financeira.<\/span><\/p>\n<h3><span>Inova\u00e7\u00e3o<\/span><\/h3>\n<p><span>O ano foi repleto de lan\u00e7amentos de novos produtos para a farmac\u00eautica Ach\u00e9. Em 2018, a companhia lan\u00e7ou 17 novos medicamentos e o plano para este ano \u00e9 divulgar cerca de 36 inova\u00e7\u00f5es. Cerca de 10% da gera\u00e7\u00e3o de caixa da companhia \u00e9 investido em inova\u00e7\u00e3o. A empresa ir\u00e1 investir em uma nova f\u00e1brica no Pernambuco e abriu um novo centro de distribui\u00e7\u00e3o em S\u00e3o Paulo. \u201cInvestimos para suprir as necessidades e para trazer os medicamentos o mais r\u00e1pido poss\u00edvel para quem precisa\u201d, diz a presidente V\u00e2nia Nogueira de Alc\u00e2ntara Machado.<\/span><\/p>\n<p><span>Os novos produtos tamb\u00e9m impulsionaram os resultados do Serpro (Servi\u00e7o Federal de Processamento de Dados), companhia estatal de tecnologia da informa\u00e7\u00e3o. A empresa, que det\u00e9m dados como Imposto de Renda, CPF, de importa\u00e7\u00e3o e exporta\u00e7\u00e3o, entre outros, lan\u00e7ou uma nova modalidade de reconhecimento facial, que j\u00e1 est\u00e1 sendo usada por empresas como os aplicativos de transporte Uber e 99, e uma carteira digital. \u201cNosso foco \u00e9 ser o centro do governo digital, pois a inova\u00e7\u00e3o \u00e9 essencial para o estado ficar mais leve\u201d, afirma Caio Paes de Andrade, presidente.<\/span><\/p>\n<div class=\"widget-news widget-box no-margin no-border\"><span class=\"widget-news-title content-box-title\">Veja tamb\u00e9m<\/span><\/p>\n<ul class=\"widget-news-list\">\n<li class=\"widget-news-item without-thumb with-border\">\n<div class=\"widget-news-info\"><a href=\"http:\/\/exame.abril.com.br\/negocios\">NEG\u00d3CIOS<\/a><span class=\"widget-news-item-title\"><a href=\"https:\/\/exame.abril.com.br\/negocios\/suzano-fibria-e-a-empresa-do-ano-do-agronegocio\/\">Suzano \/ Fibria \u00e9 a empresa do ano do agroneg\u00f3cio<\/a><\/span><span class=\"widget-news-item-date\">26 ago 2019 &#8211; 22h08<\/span><\/div>\n<\/li>\n<li class=\"widget-news-item without-thumb with-border\">\n<div class=\"widget-news-info\"><a href=\"http:\/\/exame.abril.com.br\/negocios\">NEG\u00d3CIOS<\/a><span class=\"widget-news-item-title\"><a href=\"https:\/\/exame.abril.com.br\/negocios\/veja-as-fotos-da-festa-de-melhores-e-maiores-2019\/\">Veja as fotos da festa de Melhores e Maiores 2019<\/a><\/span><span class=\"widget-news-item-date\">26 ago 2019 &#8211; 22h08<\/span><\/div>\n<\/li>\n<\/ul>\n<\/div>\n<h3><span>Busca pela efici\u00eancia<\/span><\/h3>\n<p><span>Para manter os investimentos durante os anos de crise econ\u00f4mica, as empresas precisaram revisar seus controles de custos.<\/span><\/p>\n<p><span>Esse processo foi essencial para a Jacto, fabricante de m\u00e1quinas agr\u00edcolas. \u201cJ\u00e1 sab\u00edamos que o ano de 2018 seria desafiador, com as elei\u00e7\u00f5es e Copa do Mundo, e tivemos ainda a greve dos caminhoneiros\u201d, conta Ricardo Seiji Nishimura, presidente do conselho de administra\u00e7\u00e3o da Jacto. \u201cPor isso, nos preparamos para ter flexibilidade para reagir e cortar custos onde era necess\u00e1rio\u201d, afirma.<\/span><\/p>\n<p><span>No caso do grupo Gazin, de varejo e ind\u00fastria de m\u00f3veis, os investimentos foram planejados mesmo antes da crise econ\u00f4mica e poss\u00edveis gra\u00e7as a um controle r\u00edgido das despesas. \u201cN\u00e3o deixamos de crescer e preferimos olhar as oportunidades ao inv\u00e9s das dificuldades\u201d, afirmou o presidente. \u201cAs empresas prontas para investir ir\u00e3o sair na frente com a retomada da economia\u201d, diz o presidente Osmar Della Valentina.<\/span><\/p>\n<p><span>A estrutura enxuta permitiu a sobreviv\u00eancia da Berneck, ind\u00fastria de materiais de constru\u00e7\u00e3o. &#8220;Estamos h\u00e1 67 anos no mercado, na terceira gera\u00e7\u00e3o da fam\u00edlia. Nosso resultado \u00e9 fruto de uma estrutura enxuta, pois temos uma equipe que zela pelo neg\u00f3cio&#8221;, afirmou Gra\u00e7a Berneck Gnoatto, diretora comercial e de marketing.<\/span><\/p>\n<p><span>A procura por custos menores fez parte tamb\u00e9m da gest\u00e3o dos clientes das empresas premiadas. A Focus, companhia do setor el\u00e9trico, garante um custo at\u00e9 25% menor a seus clientes com a venda de energia livre, o que em um momento de crise pode fazer a diferen\u00e7a no balan\u00e7o. \u201cTivemos foco em resultado, e isso levou a termos um faturamento de quase o dobro do ano anterior e aumento de 30% na carteira de clientes\u201d, diz Alan Zelazo, s\u00f3cio-diretor da Focus.<\/span><\/p>\n<div class=\"widget-news widget-box no-margin no-border\"><span class=\"widget-news-title content-box-title\">Veja tamb\u00e9m<\/span><\/p>\n<ul class=\"widget-news-list\">\n<li class=\"widget-news-item without-thumb with-border\">\n<div class=\"widget-news-info\"><a href=\"http:\/\/exame.abril.com.br\/negocios\">NEG\u00d3CIOS<\/a><span class=\"widget-news-item-title\"><a href=\"https:\/\/exame.abril.com.br\/negocios\/empresarios-temem-que-sancoes-e-guerra-comercial-atrasem-a-retomada\/\">Empres\u00e1rios temem que san\u00e7\u00f5es e guerra comercial atrasem a retomada<\/a><\/span><span class=\"widget-news-item-date\">26 ago 2019 &#8211; 22h08<\/span><\/div>\n<\/li>\n<\/ul>\n<\/div>\n<h3><span>Desenvolvimento de pessoas<\/span><\/h3>\n<p><span>Os executivos destacaram a import\u00e2ncia de uma boa equipe para manter o crescimento. Segundo Her\u00e1clito Brito, presidente da Rede D&#8217;Or, esse \u00e9 o principal desafio do grupo hospitalar. Segundo ele, para conseguir expandir dos atuais 7 mil leitos para o plano de 11 mil, o desenvolvimento de profissionais \u00e9 essencial. &#8220;Temos o Instituto Dor de Ensino e Pesquisa e temos o projeto de criar uma faculdade medicina&#8221;, diz.<\/span><\/p>\n<p><span>A forma\u00e7\u00e3o de pessoas foi uma das estrat\u00e9gias da Cal\u00e7ados Beira Rio para manter o crescimento. \u201cTemos um programa de forma\u00e7\u00e3o de l\u00edderes para garantir qualidade dos produtos e do atendimento a clientes\u201d, diz o presidente Roberto Argenta.<\/span><\/p>\n<p><span>Al\u00e9m da equipe, para a BR Distribuidora, companhia de distribui\u00e7\u00e3o de combust\u00edveis, sua for\u00e7a est\u00e1 na extens\u00e3o de sua rede e de postos. Segundo Fl\u00e1vio Dantas, diretor de postos de combust\u00edveis e varejo, a capacidade da companhia de chegar a diversos munic\u00edpios brasileiros a coloca em vantagem contra concorrentes. A companhia passou por um processo de privatiza\u00e7\u00e3o da Petrobras.<\/span><\/p>\n<p><span>Sem perspectivas para a retomada do crescimento econ\u00f4mico no curto prazo, os desafios devem se manter. No entanto, as empresas que mantiveram investimentos em inova\u00e7\u00e3o e cortaram custos saem da crise mais fortes e eficientes.\u00a0<\/span><\/p>\n<p>#noticias #economia #sustentabilidade #dinheiro #economia<br \/>\n<br \/><br \/>\n<br \/><a href=\"https:\/\/exame.abril.com.br\/negocios\/eficiencia-e-inovacao-os-segredos-das-melhores-empresas-em-2019\/\">Fonte do Artigo <\/a><br \/>\nTags:<br \/>\n#noticias #economia #sustentabilidade #dinheiro #economia #energialimpa #brasil #tecnologia #meioambiente #engenharia #empreendedorismo #energia  #energiasolar #politica #energiasolarfotovoltaica #supermercado #solar #sucesso #financas #finanzas #qualidade #educa #bolsonaro #fotovoltaica #vendas #noticias24<\/p>\n","protected":false},"excerpt":{"rendered":"<p>Para continuar crescendo durante os anos de crise econ\u00f4mica, as empresas premiadas em Melhores e Maiores precisaram se desdobrar para manter o investimento, atrav\u00e9s de um r\u00edgido controle de custos. Tamb\u00e9m apostaram em inova\u00e7\u00e3o para se diferenciar da concorr\u00eancia. A premia\u00e7\u00e3o de EXAME ocorre na noite desta segunda-feira, 26, em S\u00e3o Paulo. O ano de [&hellip;]<\/p>\n","protected":false},"author":1,"featured_media":27302,"comment_status":"open","ping_status":"open","sticky":false,"template":"","format":"standard","meta":{"footnotes":""},"categories":[1,339],"tags":[],"class_list":["post-27301","post","type-post","status-publish","format-standard","has-post-thumbnail","hentry","category-curso-de-copy","category-negocios"],"_links":{"self":[{"href":"https:\/\/wiy.com.br\/noticias\/wp-json\/wp\/v2\/posts\/27301","targetHints":{"allow":["GET"]}}],"collection":[{"href":"https:\/\/wiy.com.br\/noticias\/wp-json\/wp\/v2\/posts"}],"about":[{"href":"https:\/\/wiy.com.br\/noticias\/wp-json\/wp\/v2\/types\/post"}],"author":[{"embeddable":true,"href":"https:\/\/wiy.com.br\/noticias\/wp-json\/wp\/v2\/users\/1"}],"replies":[{"embeddable":true,"href":"https:\/\/wiy.com.br\/noticias\/wp-json\/wp\/v2\/comments?post=27301"}],"version-history":[{"count":0,"href":"https:\/\/wiy.com.br\/noticias\/wp-json\/wp\/v2\/posts\/27301\/revisions"}],"wp:featuredmedia":[{"embeddable":true,"href":"https:\/\/wiy.com.br\/noticias\/wp-json\/wp\/v2\/media\/27302"}],"wp:attachment":[{"href":"https:\/\/wiy.com.br\/noticias\/wp-json\/wp\/v2\/media?parent=27301"}],"wp:term":[{"taxonomy":"category","embeddable":true,"href":"https:\/\/wiy.com.br\/noticias\/wp-json\/wp\/v2\/categories?post=27301"},{"taxonomy":"post_tag","embeddable":true,"href":"https:\/\/wiy.com.br\/noticias\/wp-json\/wp\/v2\/tags?post=27301"}],"curies":[{"name":"wp","href":"https:\/\/api.w.org\/{rel}","templated":true}]}}