{"id":27277,"date":"2023-02-26T15:29:45","date_gmt":"2023-02-26T18:29:45","guid":{"rendered":"https:\/\/wiy.com.br\/noticias\/vale-diz-que-litel-reduziu-fatia-na-mineradora-para-1723\/"},"modified":"2019-08-26T20:40:09","modified_gmt":"2019-08-26T23:40:09","slug":"vale-diz-que-litel-reduziu-fatia-na-mineradora-para-1723","status":"publish","type":"post","link":"https:\/\/wiy.com.br\/noticias\/vale-diz-que-litel-reduziu-fatia-na-mineradora-para-1723\/","title":{"rendered":"Vale diz que Litel reduziu fatia na mineradora para 17,23%"},"content":{"rendered":"<p> <br \/>\n<br \/>S\u00c3O PAULO (Reuters) &#8211; A Litel Participa\u00e7\u00f5es, que re\u00fane participa\u00e7\u00f5es de fundos de pens\u00e3o na mineradora Vale, reduziu fatia acion\u00e1ria na mineradora em 95.167.645 a\u00e7\u00f5es ordin\u00e1rias, passando a deter 883.579.219 a\u00e7\u00f5es, que&#8230;<\/p>\n<p><a href=\"https:\/\/extra.globo.com\/noticias\/economia\/vale-diz-que-litel-reduziu-fatia-na-mineradora-para-1723-23906474.html\">Leia mais<\/a><\/p>\n<p>\t\t\t\t\t\t\t\t\t\t\t<img title = \"[Tags]\"alt = \"extra-face-1 Vale diz que Litel reduziu fatia na mineradora para 17,23%\"decoding=\"async\" src=\"https:\/\/extra.globo.com\/skins\/extra\/images\/extra-face-1.jpg\" \/><br \/>\n<br \/><br \/>\n<br \/><a href=\"https:\/\/extra.globo.com\/noticias\/economia\/vale-diz-que-litel-reduziu-fatia-na-mineradora-para-1723-23906474.html\">Fonte do Artigo <\/a><br \/>\nTags:<br \/>\n#noticia #n #noticias #venezuela #o #instagram #cicpc #policia #ultimahora #seguridad #informaci #portuseguridad #paz #urgente #tudenunciaeslapazdetodos #atenci #policiacientifica #criminalisticacicpc #criminalistica #not #douglasrico #eficienciaonada #gobiernodecalle #brasil #sucesos #jornalismo #informa #news #a<\/p>\n","protected":false},"excerpt":{"rendered":"<p>S\u00c3O PAULO (Reuters) &#8211; A Litel Participa\u00e7\u00f5es, que re\u00fane participa\u00e7\u00f5es de fundos de pens\u00e3o na mineradora Vale, reduziu fatia acion\u00e1ria na mineradora em 95.167.645 a\u00e7\u00f5es ordin\u00e1rias, passando a deter 883.579.219 a\u00e7\u00f5es, que&#8230; Leia mais Fonte do Artigo Tags: #noticia #n #noticias #venezuela #o #instagram #cicpc #policia #ultimahora #seguridad #informaci #portuseguridad #paz #urgente #tudenunciaeslapazdetodos #atenci #policiacientifica [&hellip;]<\/p>\n","protected":false},"author":1,"featured_media":27155,"comment_status":"open","ping_status":"open","sticky":false,"template":"","format":"standard","meta":{"footnotes":""},"categories":[337],"tags":[],"class_list":["post-27277","post","type-post","status-publish","format-standard","has-post-thumbnail","hentry","category-noticias"],"_links":{"self":[{"href":"https:\/\/wiy.com.br\/noticias\/wp-json\/wp\/v2\/posts\/27277","targetHints":{"allow":["GET"]}}],"collection":[{"href":"https:\/\/wiy.com.br\/noticias\/wp-json\/wp\/v2\/posts"}],"about":[{"href":"https:\/\/wiy.com.br\/noticias\/wp-json\/wp\/v2\/types\/post"}],"author":[{"embeddable":true,"href":"https:\/\/wiy.com.br\/noticias\/wp-json\/wp\/v2\/users\/1"}],"replies":[{"embeddable":true,"href":"https:\/\/wiy.com.br\/noticias\/wp-json\/wp\/v2\/comments?post=27277"}],"version-history":[{"count":0,"href":"https:\/\/wiy.com.br\/noticias\/wp-json\/wp\/v2\/posts\/27277\/revisions"}],"wp:featuredmedia":[{"embeddable":true,"href":"https:\/\/wiy.com.br\/noticias\/wp-json\/wp\/v2\/media\/27155"}],"wp:attachment":[{"href":"https:\/\/wiy.com.br\/noticias\/wp-json\/wp\/v2\/media?parent=27277"}],"wp:term":[{"taxonomy":"category","embeddable":true,"href":"https:\/\/wiy.com.br\/noticias\/wp-json\/wp\/v2\/categories?post=27277"},{"taxonomy":"post_tag","embeddable":true,"href":"https:\/\/wiy.com.br\/noticias\/wp-json\/wp\/v2\/tags?post=27277"}],"curies":[{"name":"wp","href":"https:\/\/api.w.org\/{rel}","templated":true}]}}