{"id":27213,"date":"2023-02-26T15:26:22","date_gmt":"2023-02-26T18:26:22","guid":{"rendered":"https:\/\/wiy.com.br\/noticias\/ajuda-do-g7-a-amazonia-sera-de-pelo-menos-20-milhoes-de-euros\/"},"modified":"2019-08-26T10:02:10","modified_gmt":"2019-08-26T13:02:10","slug":"ajuda-do-g7-a-amazonia-sera-de-pelo-menos-20-milhoes-de-euros","status":"publish","type":"post","link":"https:\/\/wiy.com.br\/noticias\/ajuda-do-g7-a-amazonia-sera-de-pelo-menos-20-milhoes-de-euros\/","title":{"rendered":"Ajuda do G7 \u00e0 Amaz\u00f4nia ser\u00e1 de pelo menos 20 milh\u00f5es de euros"},"content":{"rendered":"<p> <br \/>\n<\/p>\n<p>Briarritz \u2014 O presidente da <a href=\"https:\/\/exame.abril.com.br\/noticias-sobre\/franca\/\" target=\"_blank\" rel=\"noopener noreferrer\"><strong>Fran\u00e7a<\/strong><\/a>, Emmanuel Macron, anunciou nesta segunda-feira que os membros do G7 dar\u00e3o uma ajuda de pelo menos 20 milh\u00f5es de euros para combater os inc\u00eandios na Amaz\u00f4nia.<\/p>\n<p>O l\u00edder franc\u00eas tamb\u00e9m disse que o presidente dos Estados Unidos, Donald Trump, esteve ausente das conversas cobre mudan\u00e7as clim\u00e1ticas e biodiversidade em uma reuni\u00e3o do <a href=\"https:\/\/exame.abril.com.br\/noticias-sobre\/g8\/\" target=\"_blank\" rel=\"noopener noreferrer\"><strong>G7<\/strong> <\/a>nesta segunda-feira porque estava ocupado em reuni\u00f5es bilaterais.<\/p>\n<p>Trump apoiou as tentativas dos l\u00edderes para erradicar os inc\u00eandios na <a href=\"https:\/\/exame.abril.com.br\/noticias-sobre\/amazonia\/\" target=\"_blank\" rel=\"noopener noreferrer\"><strong>Amaz\u00f4nia<\/strong><\/a>, disse Macron.<\/p>\n<p>&#8220;Ele n\u00e3o estava na sala, mas sua equipe estava&#8221;, afirmou Macron em uma coletiva de imprensa ap\u00f3s as conversas sobre o clima. &#8220;Voc\u00eas n\u00e3o devem interpretar a aus\u00eancia do presidente norte-americano&#8230; os Estados Unidos est\u00e3o conosco sobre a biodiversidade e a iniciativa da Amaz\u00f4nia.&#8221;<\/p>\n<p>Tamb\u00e9m nesta segunda, ao deixar o Pal\u00e1cio da Alvorada, Bolsonaro fez um pronunciamentos aos jornalistas, recusando-se a responder perguntas dos rep\u00f3rteres, e <a href=\"https:\/\/exame.abril.com.br\/brasil\/bolsonaro-insinua-que-g7-quer-algo-em-troca-por-ajudar-amazonia\/\" target=\"_blank\" rel=\"noopener noreferrer\">questionou quais inten\u00e7\u00f5es estariam por tr\u00e1s da oferta<\/a> de pa\u00edses ricos para combater as queimadas na Amaz\u00f4nia.<\/p>\n<p>\u201cMacron promete ajuda de pa\u00edses ricos \u00e0 Amaz\u00f4nia. Ser\u00e1 que algu\u00e9m ajuda algu\u00e9m \u2014 a n\u00e3o ser uma pessoa pobre, n\u00e9?\u2013 sem retorno? Quem \u00e9 que est\u00e1 de olho na Amaz\u00f4nia? O que eles querem l\u00e1?\u201d, disse Bolsonaro em pronunciamento a jornalistas ao deixar o Pal\u00e1cio da Alvorada, recusando-se a responder questionamentos dos rep\u00f3rteres.<\/p>\n<p>Os pa\u00edses do G7 anunciaram o apoio ap\u00f3s abaixarem o tom das cr\u00edticas \u00e0 pol\u00edtica ambiental de Bolsonaro. O presidente franc\u00eas, Emmanuel Macron, chegou a pedir que a<span>\u00a0<\/span><a href=\"https:\/\/exame.abril.com.br\/noticias-sobre\/uniao-europeia\/\" target=\"_blank\" rel=\"noopener noreferrer\"><strong>Uni\u00e3o Europeia<\/strong><\/a><span>\u00a0<\/span>suspenda a tramita\u00e7\u00e3o do acordo comercial entre o bloco e o Mercosul.<\/p>\n<p>A Alemanha, no entanto, e o Reino Unido,<span>\u00a0<\/span><a href=\"https:\/\/exame.abril.com.br\/economia\/reino-unido-se-une-a-alemanha-e-rejeita-obstrucao-a-acordo-ue-mercosul\/\" target=\"_blank\" rel=\"noopener noreferrer\">foram contra a suspens\u00e3o dos acordos<\/a>.<\/p>\n<h3>Queimadas<\/h3>\n<p>Depois de ser bombardeado com cr\u00edticas por parte da comunidade internacional, o governo deve inicia a partir de hoje a\u00e7\u00f5es mais concretas para combater os in\u00fameros focos de inc\u00eandio que queimam a floresta amaz\u00f4nica h\u00e1 mais de duas semanas.<\/p>\n<p>Um dos compromissos de Jair Bolsonaro dever\u00e1 ser um encontro com os governadores da Amaz\u00f4nia legal, que pediram, em carta endere\u00e7ada ao presidente, uma reuni\u00e3o de emerg\u00eancia para tratar sobre o assunto. A reuni\u00e3o deve acontecer na ter\u00e7a-feira.<\/p>\n<p>O ministro da Justi\u00e7a, Sergio Moro, deve publicar hoje uma portaria autorizando o uso da For\u00e7a Nacional de Seguran\u00e7a, com 1.200 homens, para ajudar a combater o fogo. Al\u00e9m deles, cerca de 400 dos 44.000 militares j\u00e1 lotados na Amaz\u00f4nia iniciaram ontem a\u00e7\u00f5es de combate a inc\u00eandio, aten\u00e7\u00e3o \u00e0 popula\u00e7\u00e3o e repress\u00e3o a crimes ambientais.<\/p>\n<p><br \/>\n<br \/><a href=\"https:\/\/exame.abril.com.br\/brasil\/ajuda-do-g7-a-amazonia-sera-de-pelo-menos-20-milhoes-de-euros\/\">Fonte do artigo <\/a><br \/>\nTags:<br \/>\n#politica #political #negocios #business #marketingdigital #empreendedorismo #marketing #emprendedores #empreender #sucesso #empresas #emprendimiento #emprendedor #empreendedor #emprender #dinheiro #dinero #empresario #vendas #liderazgo #motivacion #foco #motivacao #negocio #brasil<\/p>\n","protected":false},"excerpt":{"rendered":"<p>Briarritz \u2014 O presidente da Fran\u00e7a, Emmanuel Macron, anunciou nesta segunda-feira que os membros do G7 dar\u00e3o uma ajuda de pelo menos 20 milh\u00f5es de euros para combater os inc\u00eandios na Amaz\u00f4nia. O l\u00edder franc\u00eas tamb\u00e9m disse que o presidente dos Estados Unidos, Donald Trump, esteve ausente das conversas cobre mudan\u00e7as clim\u00e1ticas e biodiversidade em [&hellip;]<\/p>\n","protected":false},"author":1,"featured_media":27214,"comment_status":"open","ping_status":"open","sticky":false,"template":"","format":"standard","meta":{"footnotes":""},"categories":[1],"tags":[],"class_list":["post-27213","post","type-post","status-publish","format-standard","has-post-thumbnail","hentry","category-curso-de-copy"],"_links":{"self":[{"href":"https:\/\/wiy.com.br\/noticias\/wp-json\/wp\/v2\/posts\/27213","targetHints":{"allow":["GET"]}}],"collection":[{"href":"https:\/\/wiy.com.br\/noticias\/wp-json\/wp\/v2\/posts"}],"about":[{"href":"https:\/\/wiy.com.br\/noticias\/wp-json\/wp\/v2\/types\/post"}],"author":[{"embeddable":true,"href":"https:\/\/wiy.com.br\/noticias\/wp-json\/wp\/v2\/users\/1"}],"replies":[{"embeddable":true,"href":"https:\/\/wiy.com.br\/noticias\/wp-json\/wp\/v2\/comments?post=27213"}],"version-history":[{"count":0,"href":"https:\/\/wiy.com.br\/noticias\/wp-json\/wp\/v2\/posts\/27213\/revisions"}],"wp:featuredmedia":[{"embeddable":true,"href":"https:\/\/wiy.com.br\/noticias\/wp-json\/wp\/v2\/media\/27214"}],"wp:attachment":[{"href":"https:\/\/wiy.com.br\/noticias\/wp-json\/wp\/v2\/media?parent=27213"}],"wp:term":[{"taxonomy":"category","embeddable":true,"href":"https:\/\/wiy.com.br\/noticias\/wp-json\/wp\/v2\/categories?post=27213"},{"taxonomy":"post_tag","embeddable":true,"href":"https:\/\/wiy.com.br\/noticias\/wp-json\/wp\/v2\/tags?post=27213"}],"curies":[{"name":"wp","href":"https:\/\/api.w.org\/{rel}","templated":true}]}}