{"id":27171,"date":"2023-02-26T15:50:04","date_gmt":"2023-02-26T18:50:04","guid":{"rendered":"https:\/\/wiy.com.br\/noticias\/fas-conhecem-sandy-e-junior-em-camarim-no-segundo-dia-de-show-em-sao-paulo\/"},"modified":"2019-08-25T20:18:22","modified_gmt":"2019-08-25T23:18:22","slug":"fas-conhecem-sandy-e-junior-em-camarim-no-segundo-dia-de-show-em-sao-paulo","status":"publish","type":"post","link":"https:\/\/wiy.com.br\/noticias\/fas-conhecem-sandy-e-junior-em-camarim-no-segundo-dia-de-show-em-sao-paulo\/","title":{"rendered":"F\u00e3s conhecem Sandy e Junior em camarim no segundo dia de show em S\u00e3o Paulo"},"content":{"rendered":"<p> <br \/>\n<br \/>Desde pequena que Camila Acauan acompanha as m\u00fasicas de Sandy e Junior e, neste domingo, nos momentos que antecedem o segundo show da dupla em S\u00e3o Paulo, ela teve a oportunidade de conhecer os artistas no camarim, junto com um grupo de f\u00e3s&#8230;<\/p>\n<p><a href=\"https:\/\/extra.globo.com\/sandy-e-junior\/fas-conhecem-sandy-junior-em-camarim-no-segundo-dia-de-show-em-sao-paulo-23903713.html\">Leia mais<\/a><\/p>\n<p>\t\t\t\t\t\t\t\t\t\t\t<img title = \"[Tags]\"alt = \"camarim-sandy-e-junior F\u00e3s conhecem Sandy e Junior em camarim no segundo dia de show em S\u00e3o Paulo\"decoding=\"async\" src=\"https:\/\/extra.globo.com\/incoming\/23903712-6de-39f\/w311h175-PROP\/camarim-sandy-e-junior.png\" \/><br \/>\n<br \/><br \/>\n<br \/><a href=\"https:\/\/extra.globo.com\/sandy-e-junior\/fas-conhecem-sandy-junior-em-camarim-no-segundo-dia-de-show-em-sao-paulo-23903713.html\">Fonte do Artigo <\/a><br \/>\nTags:<br \/>\n#noticia #n #noticias #venezuela #o #instagram #cicpc #policia #ultimahora #seguridad #informaci #portuseguridad #paz #urgente #tudenunciaeslapazdetodos #atenci #policiacientifica #criminalisticacicpc #criminalistica #not #douglasrico #eficienciaonada #gobiernodecalle #brasil #sucesos #jornalismo #informa #news #a<\/p>\n","protected":false},"excerpt":{"rendered":"<p>Desde pequena que Camila Acauan acompanha as m\u00fasicas de Sandy e Junior e, neste domingo, nos momentos que antecedem o segundo show da dupla em S\u00e3o Paulo, ela teve a oportunidade de conhecer os artistas no camarim, junto com um grupo de f\u00e3s&#8230; Leia mais Fonte do Artigo Tags: #noticia #n #noticias #venezuela #o #instagram [&hellip;]<\/p>\n","protected":false},"author":1,"featured_media":27172,"comment_status":"open","ping_status":"open","sticky":false,"template":"","format":"standard","meta":{"footnotes":""},"categories":[337],"tags":[],"class_list":["post-27171","post","type-post","status-publish","format-standard","has-post-thumbnail","hentry","category-noticias"],"_links":{"self":[{"href":"https:\/\/wiy.com.br\/noticias\/wp-json\/wp\/v2\/posts\/27171","targetHints":{"allow":["GET"]}}],"collection":[{"href":"https:\/\/wiy.com.br\/noticias\/wp-json\/wp\/v2\/posts"}],"about":[{"href":"https:\/\/wiy.com.br\/noticias\/wp-json\/wp\/v2\/types\/post"}],"author":[{"embeddable":true,"href":"https:\/\/wiy.com.br\/noticias\/wp-json\/wp\/v2\/users\/1"}],"replies":[{"embeddable":true,"href":"https:\/\/wiy.com.br\/noticias\/wp-json\/wp\/v2\/comments?post=27171"}],"version-history":[{"count":0,"href":"https:\/\/wiy.com.br\/noticias\/wp-json\/wp\/v2\/posts\/27171\/revisions"}],"wp:featuredmedia":[{"embeddable":true,"href":"https:\/\/wiy.com.br\/noticias\/wp-json\/wp\/v2\/media\/27172"}],"wp:attachment":[{"href":"https:\/\/wiy.com.br\/noticias\/wp-json\/wp\/v2\/media?parent=27171"}],"wp:term":[{"taxonomy":"category","embeddable":true,"href":"https:\/\/wiy.com.br\/noticias\/wp-json\/wp\/v2\/categories?post=27171"},{"taxonomy":"post_tag","embeddable":true,"href":"https:\/\/wiy.com.br\/noticias\/wp-json\/wp\/v2\/tags?post=27171"}],"curies":[{"name":"wp","href":"https:\/\/api.w.org\/{rel}","templated":true}]}}