{"id":2711,"date":"2023-02-26T15:50:50","date_gmt":"2023-02-26T18:50:50","guid":{"rendered":"https:\/\/wiy.com.br\/noticias\/710-mil-clientes-ja-solicitaram-a-funcao-debito-do-nubank\/"},"modified":"2019-01-31T13:37:33","modified_gmt":"2019-01-31T15:37:33","slug":"710-mil-clientes-ja-solicitaram-a-funcao-debito-do-nubank","status":"publish","type":"post","link":"https:\/\/wiy.com.br\/noticias\/710-mil-clientes-ja-solicitaram-a-funcao-debito-do-nubank\/","title":{"rendered":"710 mil clientes j\u00e1 solicitaram a fun\u00e7\u00e3o d\u00e9bito do Nubank"},"content":{"rendered":"<p> <br \/>\n<\/p>\n<p>S\u00e3o Paulo &#8211; O <strong><a href=\"https:\/\/exame.abril.com.br\/noticias-sobre\/nubank\">Nubank<\/a><\/strong> anunciou que cerca de 710 mil clientes j\u00e1 solicitaram a habilita\u00e7\u00e3o da fun\u00e7\u00e3o d\u00e9bito de suas contas digitais. Segundo a empresa, mais de 66 mil clientes j\u00e1 contam com a habilita\u00e7\u00e3o.<\/p>\n<p>&#8220;A fun\u00e7\u00e3o de d\u00e9bito da conta digital, a NuConta, foi inaugurada pelo Nubank em dezembro do ano passado, e liberada de forma gradual para 10 mil clientes. Pouco mais de um m\u00eas depois, 710 mil j\u00e1 solicitaram \u00e0 nova funcionalidade&#8221;, destacou a empresa em comunicado \u00e0 imprensa.<\/p>\n<div class=\"widget-news widget-box no-margin no-border\"><span class=\"widget-news-title content-box-title\">Veja tamb\u00e9m<\/span><\/p>\n<ul class=\"widget-news-list\">\n<li class=\"widget-news-item without-thumb with-border\">\n<div class=\"widget-news-info\"><a href=\"http:\/\/exame.abril.com.br\/negocios\">NEG\u00d3CIOS<\/a><span class=\"widget-news-item-title\"><a href=\"https:\/\/exame.abril.com.br\/negocios\/nubank-lanca-debito-e-saque-e-fica-mais-perto-dos-grandes-bancos\/\">Nubank lan\u00e7a d\u00e9bito e saque e fica mais perto dos grandes bancos<\/a><\/span><span class=\"widget-news-item-date\">11 dez 2018 &#8211; 10h12<\/span><\/div>\n<\/li>\n<\/ul>\n<\/div>\n<p>A empresa afirmou que os testes come\u00e7aram em dezembro com clientes que j\u00e1 possu\u00edam o cart\u00e3o de cr\u00e9dito e a NuConta. &#8220;O nosso pr\u00f3ximo passo agora ser\u00e1 expandir os testes para aqueles que ainda n\u00e3o possuem o cart\u00e3o de cr\u00e9dito&#8221;, disse Vitor Olivier, l\u00edder da NuConta.<\/p>\n<p><br \/>\n<br \/><a href=\"https:\/\/exame.abril.com.br\/seu-dinheiro\/710-mil-clientes-ja-solicitaram-a-funcao-debito-do-nubank\/\">Source link <\/a><\/p>\n","protected":false},"excerpt":{"rendered":"<p>S\u00e3o Paulo &#8211; O Nubank anunciou que cerca de 710 mil clientes j\u00e1 solicitaram a habilita\u00e7\u00e3o da fun\u00e7\u00e3o d\u00e9bito de suas contas digitais. Segundo a empresa, mais de 66 mil clientes j\u00e1 contam com a habilita\u00e7\u00e3o. &#8220;A fun\u00e7\u00e3o de d\u00e9bito da conta digital, a NuConta, foi inaugurada pelo Nubank em dezembro do ano passado, e [&hellip;]<\/p>\n","protected":false},"author":1,"featured_media":2712,"comment_status":"open","ping_status":"open","sticky":false,"template":"","format":"standard","meta":{"footnotes":""},"categories":[337],"tags":[],"class_list":["post-2711","post","type-post","status-publish","format-standard","has-post-thumbnail","hentry","category-noticias"],"_links":{"self":[{"href":"https:\/\/wiy.com.br\/noticias\/wp-json\/wp\/v2\/posts\/2711","targetHints":{"allow":["GET"]}}],"collection":[{"href":"https:\/\/wiy.com.br\/noticias\/wp-json\/wp\/v2\/posts"}],"about":[{"href":"https:\/\/wiy.com.br\/noticias\/wp-json\/wp\/v2\/types\/post"}],"author":[{"embeddable":true,"href":"https:\/\/wiy.com.br\/noticias\/wp-json\/wp\/v2\/users\/1"}],"replies":[{"embeddable":true,"href":"https:\/\/wiy.com.br\/noticias\/wp-json\/wp\/v2\/comments?post=2711"}],"version-history":[{"count":0,"href":"https:\/\/wiy.com.br\/noticias\/wp-json\/wp\/v2\/posts\/2711\/revisions"}],"wp:featuredmedia":[{"embeddable":true,"href":"https:\/\/wiy.com.br\/noticias\/wp-json\/wp\/v2\/media\/2712"}],"wp:attachment":[{"href":"https:\/\/wiy.com.br\/noticias\/wp-json\/wp\/v2\/media?parent=2711"}],"wp:term":[{"taxonomy":"category","embeddable":true,"href":"https:\/\/wiy.com.br\/noticias\/wp-json\/wp\/v2\/categories?post=2711"},{"taxonomy":"post_tag","embeddable":true,"href":"https:\/\/wiy.com.br\/noticias\/wp-json\/wp\/v2\/tags?post=2711"}],"curies":[{"name":"wp","href":"https:\/\/api.w.org\/{rel}","templated":true}]}}