{"id":26974,"date":"2023-02-26T15:19:22","date_gmt":"2023-02-26T18:19:22","guid":{"rendered":"https:\/\/wiy.com.br\/noticias\/coaf-tinha-que-ter-ficado-onde-estava-diz-mendes-sobre-mudanca-para-bc\/"},"modified":"2019-08-23T14:55:13","modified_gmt":"2019-08-23T17:55:13","slug":"coaf-tinha-que-ter-ficado-onde-estava-diz-mendes-sobre-mudanca-para-bc","status":"publish","type":"post","link":"https:\/\/wiy.com.br\/noticias\/coaf-tinha-que-ter-ficado-onde-estava-diz-mendes-sobre-mudanca-para-bc\/","title":{"rendered":"Coaf tinha que ter ficado onde estava, diz Mendes sobre mudan\u00e7a para BC"},"content":{"rendered":"<p> <br \/>\n<\/p>\n<p>S\u00e3o Paulo \u2014 A tentativa de mudan\u00e7a do Conselho de Controle de Atividades Financeiras (<a href=\"https:\/\/exame.abril.com.br\/noticias-sobre\/coaf\/\" target=\"_blank\" rel=\"noopener noreferrer\"><strong>Coaf<\/strong><\/a>) para o Minist\u00e9rio da Justi\u00e7a fazia parte de um &#8220;projeto pol\u00edtico&#8221; em uma eventual instrumentaliza\u00e7\u00e3o do \u00f3rg\u00e3o, e o presidente <a href=\"https:\/\/exame.abril.com.br\/noticias-sobre\/jair-bolsonaro\/\" target=\"_blank\" rel=\"noopener noreferrer\"><strong>Jair Bolsonaro<\/strong><\/a> faz um freio de arruma\u00e7\u00e3o ao interferir na estrutura e na nomea\u00e7\u00e3o desse colegiado e de outras institui\u00e7\u00f5es, como a Pol\u00edcia Federal e a Receita Federal, afirmou o ministro Gilmar Mendes, do Supremo Tribunal Federal.<\/p>\n<p>&#8220;O Coaf tinha que ter ficado onde estava, que era o Minist\u00e9rio da Economia, vinha funcionando bem. A mudan\u00e7a para o Minist\u00e9rio da Justi\u00e7a fazia parte de um projeto pol\u00edtico e talvez um desejo de sua instrumentaliza\u00e7\u00e3o&#8221;, disse Mendes em entrevista exclusiva \u00e0 Reuters no seu gabinete, na noite de quinta-feira.<\/p>\n<p>&#8220;N\u00e3o sei se j\u00e1 estava ocorrendo ou n\u00e3o, mas o chefe do Coaf (Roberto Leonel, ex-auditor da Receita) era aquele que estava instrumentalizando a Receita em Curitiba segundo esses dados que est\u00e3o a\u00ed, muito provavelmente isso j\u00e1 deveria estar ocorrendo&#8221;, acrescentou.<\/p>\n<p>Questionado sobre como seria o projeto pol\u00edtico, Mendes respondeu: &#8220;Ter acesso a informa\u00e7\u00f5es e eventualmente vaz\u00e1-las, chantagear pessoas. D\u00e1 um poder pol\u00edtico imenso para quem tem controle disso.&#8221;<\/p>\n<div class=\"widget-news widget-box no-margin no-border\"><span class=\"widget-news-title content-box-title\">Veja tamb\u00e9m<\/span><\/p>\n<ul class=\"widget-news-list\">\n<li class=\"widget-news-item without-thumb with-border\">\n<div class=\"widget-news-info\"><a href=\"http:\/\/exame.abril.com.br\/economia\">ECONOMIA<\/a><span class=\"widget-news-item-title\"><a href=\"https:\/\/exame.abril.com.br\/economia\/novo-coaf-presidente-e-diferente-e-conselheiros-sao-mantidos\/\">Novo Coaf: presidente \u00e9 diferente, e conselheiros s\u00e3o mantidos<\/a><\/span><span class=\"widget-news-item-date\">20 ago 2019 &#8211; 19h08<\/span><\/div>\n<\/li>\n<\/ul>\n<\/div>\n<p>O ministro afirmou n\u00e3o ter &#8220;a menor d\u00favida&#8221; de que isso j\u00e1 estava ocorrendo em rela\u00e7\u00e3o a ele e a sua fam\u00edlia &#8211;em fevereiro noticiou-se que uma an\u00e1lise fiscal da <strong><a href=\"https:\/\/exame.abril.com.br\/noticias-sobre\/receita-federal\/\" target=\"_blank\" rel=\"noopener noreferrer\">Receita<\/a><\/strong> apontariam supostas pr\u00e1ticas de crimes atribu\u00eddas a ele e a sua mulher, Guiomar Feitosa.<\/p>\n<p>&#8220;Quando aparece (Deltan) Dalagnol conversando que estava investigando o Toffoli na Receita, \u00e9 \u00f3bvio que era isso&#8221;, disse o ministro, referindo-se a mensagens vazadas que supostamente seriam do coordenador da for\u00e7a-tarefa da Lava Jato.<\/p>\n<p>&#8220;A minha pergunta em rela\u00e7\u00e3o \u00e0 Receita n\u00e3o foi por que a Receita fez, mas quem mandou? \u00c9 isso que estava ocorrendo, tanto \u00e9 que o fiscal que elabora o primeiro relat\u00f3rio, o pr\u00e9-relat\u00f3rio, estava prestando servi\u00e7os \u00e0 Lava Jato, Calicute, no Rio de Janeiro. Portanto, misturaram esta\u00e7\u00f5es&#8221;, argumentou.<\/p>\n<p>&#8220;E por que eu e o Toffoli? Porque, segundo os crit\u00e9rios deles, vot\u00e1vamos contra os interesses que eles defendiam. Portanto, na verdade, se adotou um modelo policialesco, mas felizmente comandado pelas &#8216;organiza\u00e7\u00f5es Tabajara&#8217;&#8221;, acrescentou.<\/p>\n<p>&#8220;Quando isso come\u00e7a a ser feito, isso se aproxima de organiza\u00e7\u00f5es criminosas&#8221;, criticou o ministro, para emendar o que via como perigo nos rumos que o Coaf vinha tomando. &#8220;E esse sujeito (Leonel) tinha sido promovido, sa\u00eddo de Curitiba e vindo (para Bras\u00edlia). Imaginemos que ele replicasse essas pr\u00e1ticas no Coaf, muito provavelmente seria utilizado para esses fins o que n\u00e3o era razo\u00e1vel.&#8221;<\/p>\n<h3>Lava Jato<\/h3>\n<p>Para Mendes, o vazamento de supostas mensagens do hoje ministro da Justi\u00e7a e Seguran\u00e7a P\u00fablica, Sergio Moro, ent\u00e3o juiz da Lava Jato em Curitiba, de Dallagnoll e outros procuradores teve um &#8220;aspecto positivo&#8221;.<\/p>\n<p>&#8220;Levou a todos fazer uma pausa para reflex\u00e3o, um mea culpa porque havia esse entusiasmo quase que infantil que levou essa gente talvez ao del\u00edrio&#8221;, disse.<\/p>\n<p>Principal cr\u00edtico dos m\u00e9todos da Lava Jato no Supremo, Mendes elogiou a iniciativa de Bolsonaro em determinar trocas no comando do Coaf, Receita e PF \u2014 alvo de fortes cr\u00edticas nas \u00faltimas semanas \u2014 e negou que tenha havido press\u00e3o da corte para que o presidente promovesse essas mudan\u00e7as.<\/p>\n<p>Questionado se o presidente estaria fazendo uma esp\u00e9cie de freio de arruma\u00e7\u00e3o nesses \u00f3rg\u00e3os, Mendes concordou: &#8220;Tenho a impress\u00e3o que sim.&#8221;<\/p>\n<p>&#8220;\u00c9 natural que, em algum momento, o sistema pol\u00edtico chamasse aten\u00e7\u00e3o e reagisse em rela\u00e7\u00e3o a isso. A Lava Jato tinha virado uma esp\u00e9cie de Sant\u00edssima Trindade: ela investigava, ela julgava, ela condenava, ela fazia a lei. E o Brasil \u00e9 um pa\u00eds muito complexo. Quem teve essa ilus\u00e3o \u00e9 um pouco simplista ou simpl\u00f3ria. N\u00e3o d\u00e1 para achar que vai se manietar as institui\u00e7\u00f5es por muito tempo&#8221;, destacou.<\/p>\n<p>Para o ministro do STF, a autonomia levou a essas &#8220;parcerias esdr\u00faxulas&#8221; e os \u00f3rg\u00e3os ganharam tamanha independ\u00eancia que &#8220;come\u00e7aram a pensar em autogest\u00e3o&#8221;. Ele ressaltou, no entanto, que isso n\u00e3o existe.<\/p>\n<p>Mendes recha\u00e7ou a cr\u00edtica de que a interfer\u00eancia de Bolsonaro nesses \u00f3rg\u00e3os abriria caminho para reprimir investiga\u00e7\u00f5es que poderiam atingi-lo ou a pessoas pr\u00f3ximas a ele.<\/p>\n<p>&#8220;N\u00e3o tem como o presidente determinar ao delegado que se mande um inqu\u00e9rito para ele, estaria havendo supervis\u00e3o indevida. Aqui h\u00e1 supervis\u00e3o judicial&#8221;, disse.<\/p>\n<p>&#8220;H\u00e1 aspectos positivos dessa institucionaliza\u00e7\u00e3o dessa autonomia. E aspectos negativos, talvez o governo Bolsonaro tenha dado um choque de realidade com esses elementos&#8221;, frisou.<\/p>\n<h3>PGR<\/h3>\n<p>Mendes tamb\u00e9m defendeu a prerrogativa de o presidente escolher um nome para procurador-geral da Rep\u00fablica fora da lista tr\u00edplice elaborada pela associa\u00e7\u00e3o de procuradores. Ele disse que isso foi feito durante o governo Fernando Henrique Cardoso &#8211;do qual fez parte&#8211; e que nos governos do PT o presidente, ao escolher somente da lista, &#8220;demitiu-se de qualquer controle&#8221;.<\/p>\n<p>&#8220;(O presidente) perdeu o poder de escolha e passou ser escolhido pela associa\u00e7\u00e3o. No fundo, isso virou um grande sindicato. O procurador-geral (Rodrigo) Janot n\u00e3o foi nada mais \u2014 pelas qualidades jur\u00eddicas \u2014, foi escolhido por ter sido ex-presidente da associa\u00e7\u00e3o e isso tem a ver com a grave desinstitucionaliza\u00e7\u00e3o que ocorreu&#8221;, criticou.<\/p>\n<div class=\"widget-news widget-box no-margin no-border\"><span class=\"widget-news-title content-box-title\">Veja tamb\u00e9m<\/span><\/p>\n<ul class=\"widget-news-list\">\n<li class=\"widget-news-item without-thumb with-border\">\n<div class=\"widget-news-info\"><a href=\"http:\/\/exame.abril.com.br\/brasil\">BRASIL<\/a><span class=\"widget-news-item-title\"><a href=\"https:\/\/exame.abril.com.br\/brasil\/bolsonaro-nega-que-interferiu-no-coaf-e-pf-para-atrapalhar-investigacoes\/\">Bolsonaro nega que interferiu no Coaf e PF para atrapalhar investiga\u00e7\u00f5es<\/a><\/span><span class=\"widget-news-item-date\">22 ago 2019 &#8211; 21h08<\/span><\/div>\n<\/li>\n<\/ul>\n<\/div>\n<p>O ministro disse que n\u00e3o h\u00e1 como o presidente, mesmo com uma eventual escolha fora da lista tr\u00edplice, impedir investiga\u00e7\u00f5es contra Bolsonaro e pessoas pr\u00f3ximas da fam\u00edlia.<\/p>\n<p>&#8220;N\u00e3o, porque a institui\u00e7\u00e3o tem toda a sua autonomia. Se indicar o procurador-geral, far\u00e1 o procurador-geral. \u00c9 um sistema de &#8216;checks and balances&#8217;&#8221;, afirmou, citando que procuradores de primeira inst\u00e2ncia podem atuar, em determinados casos, sobre a\u00e7\u00f5es do governo.<\/p>\n<h3>Abuso de autoridade<\/h3>\n<p>Mendes elogiou a aprova\u00e7\u00e3o pelo Congresso do projeto de lei de abuso de autoridade, outro alvo de cr\u00edticas e que est\u00e1 na mesa de Bolsonaro para decidir se sanciona ou veta. Embora n\u00e3o tenha se debru\u00e7ado no detalhe sobre a \u00faltima vers\u00e3o da proposta, ele disse que era preciso fazer &#8220;alguma coisa desse tipo&#8221;.<\/p>\n<p>&#8220;N\u00e3o s\u00f3 para promotores e ju\u00edzes, mas para delegados, policiais, guarda da esquina, a gente est\u00e1 toda hora se deparando com excessos dos parlamentares em CPIs, todo aquele que exerce esse tipo de poder&#8221;, disse.<\/p>\n<p>&#8220;Vejo essa campanha um pouco por reclama\u00e7\u00e3o como perda de um poder simb\u00f3lico, \u00e9ramos soberanos e estamos deixando de s\u00ea-lo. Porque, a rigor, quem vai aplicar, oferecer den\u00fancia se existe ou n\u00e3o abuso de autoridade \u00e9 o promotor e quem vai decidir \u00e9 o juiz. Por que desconfian\u00e7a em rela\u00e7\u00e3o ao colega? Parece at\u00e9 contradit\u00f3rio&#8221;, completou.<\/p>\n<p><br \/>\n<br \/><a href=\"https:\/\/exame.abril.com.br\/brasil\/levar-o-coaf-para-a-justica-seria-dar-poder-para-alguem-diz-gilmar-mendes\/\">Fonte do artigo <\/a><br \/>\nTags:<br \/>\n#politica #political #negocios #business #marketingdigital #empreendedorismo #marketing #emprendedores #empreender #sucesso #empresas #emprendimiento #emprendedor #empreendedor #emprender #dinheiro #dinero #empresario #vendas #liderazgo #motivacion #foco #motivacao #negocio #brasil<\/p>\n","protected":false},"excerpt":{"rendered":"<p>S\u00e3o Paulo \u2014 A tentativa de mudan\u00e7a do Conselho de Controle de Atividades Financeiras (Coaf) para o Minist\u00e9rio da Justi\u00e7a fazia parte de um &#8220;projeto pol\u00edtico&#8221; em uma eventual instrumentaliza\u00e7\u00e3o do \u00f3rg\u00e3o, e o presidente Jair Bolsonaro faz um freio de arruma\u00e7\u00e3o ao interferir na estrutura e na nomea\u00e7\u00e3o desse colegiado e de outras institui\u00e7\u00f5es, [&hellip;]<\/p>\n","protected":false},"author":1,"featured_media":26975,"comment_status":"open","ping_status":"open","sticky":false,"template":"","format":"standard","meta":{"footnotes":""},"categories":[1],"tags":[],"class_list":["post-26974","post","type-post","status-publish","format-standard","has-post-thumbnail","hentry","category-curso-de-copy"],"_links":{"self":[{"href":"https:\/\/wiy.com.br\/noticias\/wp-json\/wp\/v2\/posts\/26974","targetHints":{"allow":["GET"]}}],"collection":[{"href":"https:\/\/wiy.com.br\/noticias\/wp-json\/wp\/v2\/posts"}],"about":[{"href":"https:\/\/wiy.com.br\/noticias\/wp-json\/wp\/v2\/types\/post"}],"author":[{"embeddable":true,"href":"https:\/\/wiy.com.br\/noticias\/wp-json\/wp\/v2\/users\/1"}],"replies":[{"embeddable":true,"href":"https:\/\/wiy.com.br\/noticias\/wp-json\/wp\/v2\/comments?post=26974"}],"version-history":[{"count":0,"href":"https:\/\/wiy.com.br\/noticias\/wp-json\/wp\/v2\/posts\/26974\/revisions"}],"wp:featuredmedia":[{"embeddable":true,"href":"https:\/\/wiy.com.br\/noticias\/wp-json\/wp\/v2\/media\/26975"}],"wp:attachment":[{"href":"https:\/\/wiy.com.br\/noticias\/wp-json\/wp\/v2\/media?parent=26974"}],"wp:term":[{"taxonomy":"category","embeddable":true,"href":"https:\/\/wiy.com.br\/noticias\/wp-json\/wp\/v2\/categories?post=26974"},{"taxonomy":"post_tag","embeddable":true,"href":"https:\/\/wiy.com.br\/noticias\/wp-json\/wp\/v2\/tags?post=26974"}],"curies":[{"name":"wp","href":"https:\/\/api.w.org\/{rel}","templated":true}]}}