{"id":26901,"date":"2023-02-26T15:39:56","date_gmt":"2023-02-26T18:39:56","guid":{"rendered":"https:\/\/wiy.com.br\/noticias\/anatel-adia-decisao-sobre-compra-da-warner-pela-att\/"},"modified":"2019-08-22T21:35:11","modified_gmt":"2019-08-23T00:35:11","slug":"anatel-adia-decisao-sobre-compra-da-warner-pela-att","status":"publish","type":"post","link":"https:\/\/wiy.com.br\/noticias\/anatel-adia-decisao-sobre-compra-da-warner-pela-att\/","title":{"rendered":"Anatel adia decis\u00e3o sobre compra da Warner pela AT&amp;T"},"content":{"rendered":"<p> <br \/>\n<\/p>\n<p>Terminou sem decis\u00e3o a reuni\u00e3o extraordin\u00e1ria da <a href=\"https:\/\/exame.abril.com.br\/noticias-sobre\/anatel\/\"><strong>Ag\u00eancia Nacional de Telecomunica\u00e7\u00f5es (Anatel)<\/strong><\/a> para tratar da validade da compra do grupo <a href=\"https:\/\/exame.abril.com.br\/noticias-sobre\/warner\/\"><strong>Warner Media<\/strong><\/a>, antiga Time Warner, pelo <a href=\"https:\/\/exame.abril.com.br\/noticias-sobre\/att\/\"><strong>Grupo AT&amp;T<\/strong><\/a>, que controla as prestadoras de servi\u00e7os de telecomunica\u00e7\u00f5es pertencentes ao Grupo SKY no Brasil.<\/p>\n<p>Um pedido de vista do conselheiro Mois\u00e9s Queiroz adiou a decis\u00e3o sobre a regularidade ou n\u00e3o da fus\u00e3o das duas empresas, ap\u00f3s voto favor\u00e1vel a megafus\u00e3o por parte do relator, conselheiro Vicente Aquino.<\/p>\n<p><a href=\"https:\/\/exame.abril.com.br\/negocios\/att-fecha-compra-da-time-warner-por-us-108-bi\/\">A compra da Warner Media pela AT&amp;T ocorreu em outubro de 2016 e custou US$ 85,4 bilh\u00f5es<\/a> para a operadora de telecomunica\u00e7\u00f5es norte-americana. Com 30% do mercado, a Sky \u00e9 a segunda maior operadora de TV paga do Brasil. J\u00e1 a Warner Media \u00e9 respons\u00e1vel por diversos canais de TV por assinatura, entre eles Warner Channel, HBO, TNT, Cartoon Network CNN e TBS, entre outros. O grupo \u00e9 o l\u00edder no segmento de programa\u00e7\u00e3o, com 26,32% do mercado, segundo dados da Ag\u00eancia Nacional de Cinema (Ancine).<\/p>\n<p>A Anatel avalia se a opera\u00e7\u00e3o \u00e9 contraria ao disposto na Lei 12.485 de 2011, a chamada Lei do Seac, que pro\u00edbe que um mesmo grupo controle todas as fases da cadeia da TV por assinatura (produ\u00e7\u00e3o, programa\u00e7\u00e3o, empacotamento e distribui\u00e7\u00e3o), impedindo assim a propriedade cruzada e a chamada verticaliza\u00e7\u00e3o do setor.<\/p>\n<p>A compra \u00e9 questionada junto a Anatel pela Associa\u00e7\u00e3o Brasileira de Emissoras de R\u00e1dio e TV (Abert) e NEOTV, uma associa\u00e7\u00e3o de operadores de TV por assinatura e provedores de internet. No pedido para negar a megafus\u00e3o, as duas associa\u00e7\u00f5es argumentam que a legisla\u00e7\u00e3o brasileira que trata da TV paga determina que quem fornece o servi\u00e7o de TV por assinatura n\u00e3o podem ter mais que 50% do controle de programadoras de canais e produtoras de conte\u00fado no Brasil. Isso, segundo a Abert, impediria a fus\u00e3o da Warner com a AT&amp;T, por esta ser dona da Sky no pa\u00eds, uma vez que a empresa tamb\u00e9m tem o controle da Warner Media no Brasil.<\/p>\n<p>O processo foi instaurado pela ag\u00eancia em 2017. Em fevereiro deste ano, o argumento das associa\u00e7\u00f5es foi acatado pela \u00e1rea t\u00e9cnica da Anatel que recomendou o veto a opera\u00e7\u00e3o. A procuradoria da Anatel, vinculada \u00e0 Advocacia Geral da Uni\u00e3o (AGU), tamb\u00e9m se manifestou contra a compra. Na ocasi\u00e3o, os t\u00e9cnicos recomendaram a altera\u00e7\u00e3o da composi\u00e7\u00e3o societ\u00e1ria da AT&amp;T, desvinculando-se da AT&amp;T e Time Warner, no prazo de seis meses. Isto significaria que a AT&amp;T ter\u00e1 que vender a Sky Brasil no prazo estabelecido. A \u00e1rea t\u00e9cnica fundamentou a decis\u00e3o no artigo 5 da Lei 12 485.<\/p>\n<p>O artigo pro\u00edbe a participa\u00e7\u00e3o superior a 50% do capital total e votante de empresas prestadoras de servi\u00e7os de telecomunica\u00e7\u00f5es de direta ou indiretamente, ou &#8220;por meio de empresas de interesse comum, por concession\u00e1ria e permission\u00e1ria de radiodifus\u00e3o sonora e de sons e imagens e por produtores e programadores com sede no Brasil, ficando vedado a estas explorar diretamente aqueles servi\u00e7os&#8221;, diz a legisla\u00e7\u00e3o.<\/p>\n<p>Em um voto que durou mais cerca de tr\u00eas horas e meia, o relator do processo, conselheiro Vicente Aquino, acatou o argumento da defesa da AT&amp;T segundo o qual a opera\u00e7\u00e3o n\u00e3o feriria a legisla\u00e7\u00e3o, uma vez que a sede da programadora Warner Media n\u00e3o fica no Brasil, mas nos Estados Unidos. &#8220;Eu n\u00e3o consigo compreender que o ordenamento jur\u00eddico permita uma interpreta\u00e7\u00e3o diversa dessa interpreta\u00e7\u00e3o do que est\u00e1 escrito no artigo quinto&#8221;, afirmou ao votar pela regularidade da compra. &#8220;Considerado os limites de atua\u00e7\u00e3o da ag\u00eancia n\u00e3o existe controle vedado sobre o caso. N\u00e3o h\u00e1 qualquer veda\u00e7\u00e3o no artigo quinto sobre a opera\u00e7\u00e3o que est\u00e1 sendo tratada&#8221;, acrescentou o conselheiro.<\/p>\n<p>O relator disse que cogitou a possibilidade de uma eventual verticaliza\u00e7\u00e3o do setor com a permiss\u00e3o da compra, mas disse que a ag\u00eancia deveria tomar medidas para evitar qualquer pr\u00e1tica anticoncorrencial. A ideia \u00e9 que as \u00e1reas t\u00e9cnicas da ag\u00eancia reavaliem o mercado relevante de distribui\u00e7\u00e3o de pacotes ou conte\u00fados audiovisuais.<\/p>\n<p>Aquino tamb\u00e9m utilizou a rec\u00e9m aprovada Medida Provis\u00f3ria 881\/19, batizada de MP da liberdade econ\u00f4mica. A Lei determina aos \u00f3rg\u00e3os da administra\u00e7\u00e3o p\u00fablica &#8220;evitar o abuso de poder regulat\u00f3rio&#8221;. A medida visa reduzir excessos cometidos pela administra\u00e7\u00e3o p\u00fablica no momento em que editar normas que afetem ou possam afetar a explora\u00e7\u00e3o da atividade econ\u00f4mica. &#8220;A interpreta\u00e7\u00e3o da Lei do Seac deve favorecer a livre concorr\u00eancia e a livre iniciativa&#8221;, disse Aquino.<\/p>\n<p>O presidente da Anatel, Leonardo de Morais disse que convocou a reuni\u00e3o para tratar do tema, que n\u00e3o estava previsto para entrar em pauta, ap\u00f3s o pedido do relator. &#8220;De forma bem sucinta queria manifestar que o conselheiro relator dessa mat\u00e9ria solicitou a reuni\u00e3o e considerando o disposto no regimento interno da Anatel, convocamos a reuni\u00e3o com a pauta em quest\u00e3o&#8221;, disse.<\/p>\n<p>O processo de fus\u00e3o da Warner Media e AT&amp;T tamb\u00e9m foi objeto de avalia\u00e7\u00e3o de outros \u00f3rg\u00e3os. Em 2017, o Conselho Administrativo de Defesa Econ\u00f4mica (Cade) aprovou a opera\u00e7\u00e3o, mas o neg\u00f3cio foi condicionado \u00e0 assinatura de Acordo em Controle de Concentra\u00e7\u00f5es (ACC), que prev\u00ea o cumprimento de obriga\u00e7\u00f5es que eliminem riscos de exclus\u00e3o e discrimina\u00e7\u00e3o de concorrentes nos mercados de programa\u00e7\u00e3o e opera\u00e7\u00e3o de TV por assinatura.<\/p>\n<p>Entre os compromissos assumidos pela AT&amp;T est\u00e1 a manuten\u00e7\u00e3o da Sky Brasil e das programadoras de canais da Warner como pessoas jur\u00eddicas separadas e com estruturas de administra\u00e7\u00e3o e governan\u00e7a pr\u00f3prias, n\u00e3o sendo permitida a troca de informa\u00e7\u00f5es concorrencialmente sens\u00edveis ou que possam implicar discrimina\u00e7\u00e3o entre agentes que n\u00e3o fa\u00e7am parte do grupo econ\u00f4mico das empresas envolvidas na opera\u00e7\u00e3o.<\/p>\n<p>A AT&amp;T tamb\u00e9m assumiu a obriga\u00e7\u00e3o de fazer com que as programadoras de canais da Warner ofere\u00e7am a empacotadoras e prestadoras de televis\u00e3o por assinatura n\u00e3o-afiliadas todos os canais de programa\u00e7\u00e3o licenciados \u00e0 Sky, mediante condi\u00e7\u00f5es n\u00e3o-discriminat\u00f3rias.<\/p>\n<p>O caso tamb\u00e9m est\u00e1 sendo analisado pela Ancine. A ag\u00eancia ainda n\u00e3o deliberou sobre a opera\u00e7\u00e3o. a expectativa \u00e9 quer a decis\u00e3o ocorra ainda neste segundo semestre.<\/p>\n<p>#noticias #economia #sustentabilidade #dinheiro #economia<br \/>\n<br \/><br \/>\n<br \/><a href=\"https:\/\/exame.abril.com.br\/negocios\/anatel-adia-decisao-sobre-compra-da-warner-pela-att\/\">Fonte do Artigo <\/a><br \/>\nTags:<br \/>\n#noticias #economia #sustentabilidade #dinheiro #economia #energialimpa #brasil #tecnologia #meioambiente #engenharia #empreendedorismo #energia  #energiasolar #politica #energiasolarfotovoltaica #supermercado #solar #sucesso #financas #finanzas #qualidade #educa #bolsonaro #fotovoltaica #vendas #noticias24<\/p>\n","protected":false},"excerpt":{"rendered":"<p>Terminou sem decis\u00e3o a reuni\u00e3o extraordin\u00e1ria da Ag\u00eancia Nacional de Telecomunica\u00e7\u00f5es (Anatel) para tratar da validade da compra do grupo Warner Media, antiga Time Warner, pelo Grupo AT&amp;T, que controla as prestadoras de servi\u00e7os de telecomunica\u00e7\u00f5es pertencentes ao Grupo SKY no Brasil. Um pedido de vista do conselheiro Mois\u00e9s Queiroz adiou a decis\u00e3o sobre a [&hellip;]<\/p>\n","protected":false},"author":1,"featured_media":26902,"comment_status":"open","ping_status":"open","sticky":false,"template":"","format":"standard","meta":{"footnotes":""},"categories":[1,339],"tags":[],"class_list":["post-26901","post","type-post","status-publish","format-standard","has-post-thumbnail","hentry","category-curso-de-copy","category-negocios"],"_links":{"self":[{"href":"https:\/\/wiy.com.br\/noticias\/wp-json\/wp\/v2\/posts\/26901","targetHints":{"allow":["GET"]}}],"collection":[{"href":"https:\/\/wiy.com.br\/noticias\/wp-json\/wp\/v2\/posts"}],"about":[{"href":"https:\/\/wiy.com.br\/noticias\/wp-json\/wp\/v2\/types\/post"}],"author":[{"embeddable":true,"href":"https:\/\/wiy.com.br\/noticias\/wp-json\/wp\/v2\/users\/1"}],"replies":[{"embeddable":true,"href":"https:\/\/wiy.com.br\/noticias\/wp-json\/wp\/v2\/comments?post=26901"}],"version-history":[{"count":0,"href":"https:\/\/wiy.com.br\/noticias\/wp-json\/wp\/v2\/posts\/26901\/revisions"}],"wp:featuredmedia":[{"embeddable":true,"href":"https:\/\/wiy.com.br\/noticias\/wp-json\/wp\/v2\/media\/26902"}],"wp:attachment":[{"href":"https:\/\/wiy.com.br\/noticias\/wp-json\/wp\/v2\/media?parent=26901"}],"wp:term":[{"taxonomy":"category","embeddable":true,"href":"https:\/\/wiy.com.br\/noticias\/wp-json\/wp\/v2\/categories?post=26901"},{"taxonomy":"post_tag","embeddable":true,"href":"https:\/\/wiy.com.br\/noticias\/wp-json\/wp\/v2\/tags?post=26901"}],"curies":[{"name":"wp","href":"https:\/\/api.w.org\/{rel}","templated":true}]}}