{"id":26696,"date":"2023-02-26T15:40:16","date_gmt":"2023-02-26T18:40:16","guid":{"rendered":"https:\/\/wiy.com.br\/noticias\/camara-aprova-urgencia-para-porte-de-arma-em-propriedade-rural\/"},"modified":"2019-08-21T06:59:21","modified_gmt":"2019-08-21T09:59:21","slug":"camara-aprova-urgencia-para-porte-de-arma-em-propriedade-rural","status":"publish","type":"post","link":"https:\/\/wiy.com.br\/noticias\/camara-aprova-urgencia-para-porte-de-arma-em-propriedade-rural\/","title":{"rendered":"C\u00e2mara aprova urg\u00eancia para porte de arma em propriedade rural"},"content":{"rendered":"<p> <br \/>\n<\/p>\n<p>S\u00e3o Paulo \u2014 O Plen\u00e1rio da <a href=\"https:\/\/exame.abril.com.br\/noticias-sobre\/camara-dos-deputados\/\" target=\"_blank\" rel=\"noopener noreferrer\"><strong>C\u00e2mara dos Deputados<\/strong><\/a> aprovou, por 331 votos a 55, o requerimento de urg\u00eancia para o Projeto de Lei 3715\/19, do Senado, que autoriza o porte de <a href=\"https:\/\/exame.abril.com.br\/noticias-sobre\/armas\/\" target=\"_blank\" rel=\"noopener noreferrer\"><strong>arma<\/strong><\/a> no limite de toda a propriedade rural. Hoje, o porte \u00e9 limitado \u00e0 casa e n\u00e3o \u00e0 propriedade.<\/p>\n<p>O projeto est\u00e1 na pauta da sess\u00e3o do Plen\u00e1rio desta quarta-feira (21).<\/p>\n<h3>Direito de defesa<\/h3>\n<p>O deputado Afonso Hamm (PP-RS) afirmou que a proposta faz um ajuste \u00e0 legisla\u00e7\u00e3o. \u201cAs pessoas est\u00e3o isoladas no campo, as autoridades policiais n\u00e3o chegam, precisamos oferecer o m\u00ednimo para garantir o direito de defesa\u201d, declarou.<\/p>\n<div class=\"widget-news widget-box no-margin no-border\"><span class=\"widget-news-title content-box-title\">Veja tamb\u00e9m<\/span><\/p>\n<ul class=\"widget-news-list\">\n<li class=\"widget-news-item without-thumb with-border\">\n<div class=\"widget-news-info\"><a href=\"http:\/\/exame.abril.com.br\/brasil\">BRASIL<\/a><span class=\"widget-news-item-title\"><a href=\"https:\/\/exame.abril.com.br\/brasil\/exercito-define-armas-de-uso-permitido-e-uso-restrito-veja-a-lista\/\">Ex\u00e9rcito define armas de uso permitido e uso restrito; veja a lista<\/a><\/span><span class=\"widget-news-item-date\">15 ago 2019 &#8211; 14h08<\/span><\/div>\n<\/li>\n<\/ul>\n<\/div>\n<p>J\u00e1 o deputado Lucio Mosquini (MDB-RO) destacou que a proposta apenas estende o limite do porte de arma j\u00e1 existente na lei. \u201c\u00c9 a extens\u00e3o do lar do produtor rural\u201d, afirmou.<\/p>\n<p>Ao defender a proposta, o deputado Giovani Cherini (PL-RS) destacou que a inseguran\u00e7a j\u00e1 chegou ao campo, com aumento dos assaltos nas propriedades rurais.<\/p>\n<h3>Viol\u00eancia no campo<\/h3>\n<p>A deputada Erika Kokay (PT-DF), no entanto, criticou a urg\u00eancia. \u201cEsta proposta significa armar a popula\u00e7\u00e3o, substituir o papel do Estado. E quem lucra com isso s\u00e3o as mil\u00edcias\u201d, afirmou.<\/p>\n<p>Para o deputado Bira do Pindar\u00e9 (PSB-MA), haver\u00e1 mais mortes no campo. \u201cMais armas, mais mortes\u201d, disse.<\/p>\n<p><br \/>\n<br \/><a href=\"https:\/\/exame.abril.com.br\/brasil\/camara-aprova-urgencia-para-porte-de-arma-em-propriedade-rural\/\">Fonte do artigo <\/a><br \/>\nTags:<br \/>\n#politica #political #negocios #business #marketingdigital #empreendedorismo #marketing #emprendedores #empreender #sucesso #empresas #emprendimiento #emprendedor #empreendedor #emprender #dinheiro #dinero #empresario #vendas #liderazgo #motivacion #foco #motivacao #negocio #brasil<\/p>\n","protected":false},"excerpt":{"rendered":"<p>S\u00e3o Paulo \u2014 O Plen\u00e1rio da C\u00e2mara dos Deputados aprovou, por 331 votos a 55, o requerimento de urg\u00eancia para o Projeto de Lei 3715\/19, do Senado, que autoriza o porte de arma no limite de toda a propriedade rural. Hoje, o porte \u00e9 limitado \u00e0 casa e n\u00e3o \u00e0 propriedade. O projeto est\u00e1 na [&hellip;]<\/p>\n","protected":false},"author":1,"featured_media":10698,"comment_status":"open","ping_status":"open","sticky":false,"template":"","format":"standard","meta":{"footnotes":""},"categories":[1],"tags":[],"class_list":["post-26696","post","type-post","status-publish","format-standard","has-post-thumbnail","hentry","category-curso-de-copy"],"_links":{"self":[{"href":"https:\/\/wiy.com.br\/noticias\/wp-json\/wp\/v2\/posts\/26696","targetHints":{"allow":["GET"]}}],"collection":[{"href":"https:\/\/wiy.com.br\/noticias\/wp-json\/wp\/v2\/posts"}],"about":[{"href":"https:\/\/wiy.com.br\/noticias\/wp-json\/wp\/v2\/types\/post"}],"author":[{"embeddable":true,"href":"https:\/\/wiy.com.br\/noticias\/wp-json\/wp\/v2\/users\/1"}],"replies":[{"embeddable":true,"href":"https:\/\/wiy.com.br\/noticias\/wp-json\/wp\/v2\/comments?post=26696"}],"version-history":[{"count":0,"href":"https:\/\/wiy.com.br\/noticias\/wp-json\/wp\/v2\/posts\/26696\/revisions"}],"wp:featuredmedia":[{"embeddable":true,"href":"https:\/\/wiy.com.br\/noticias\/wp-json\/wp\/v2\/media\/10698"}],"wp:attachment":[{"href":"https:\/\/wiy.com.br\/noticias\/wp-json\/wp\/v2\/media?parent=26696"}],"wp:term":[{"taxonomy":"category","embeddable":true,"href":"https:\/\/wiy.com.br\/noticias\/wp-json\/wp\/v2\/categories?post=26696"},{"taxonomy":"post_tag","embeddable":true,"href":"https:\/\/wiy.com.br\/noticias\/wp-json\/wp\/v2\/tags?post=26696"}],"curies":[{"name":"wp","href":"https:\/\/api.w.org\/{rel}","templated":true}]}}