{"id":26635,"date":"2023-02-26T15:30:16","date_gmt":"2023-02-26T18:30:16","guid":{"rendered":"https:\/\/wiy.com.br\/noticias\/doria-apresenta-frota-a-bancada-do-psdb-na-camara\/"},"modified":"2019-08-20T15:44:09","modified_gmt":"2019-08-20T18:44:09","slug":"doria-apresenta-frota-a-bancada-do-psdb-na-camara","status":"publish","type":"post","link":"https:\/\/wiy.com.br\/noticias\/doria-apresenta-frota-a-bancada-do-psdb-na-camara\/","title":{"rendered":"Doria apresenta Frota \u00e0 bancada do PSDB na C\u00e2mara"},"content":{"rendered":"<p> <br \/>\n<\/p>\n<p>Bras\u00edlia \u2014 O governador de S\u00e3o Paulo, Jo\u00e3o Doria (<a href=\"https:\/\/exame.abril.com.br\/noticias-sobre\/psdb\/\" target=\"_blank\" rel=\"noopener noreferrer\"><strong>PSDB<\/strong><\/a>), est\u00e1 em Bras\u00edlia nesta ter\u00e7a-feira, 20, para apresentar \u00e0 bancada tucana na C\u00e2mara dos Deputados o mais novo filiado do partido, o deputado Alexandre Frota. A apresenta\u00e7\u00e3o acontece na pr\u00f3pria C\u00e2mara, onde os parlamentares est\u00e3o reunidos.<\/p>\n<p>Frota foi expulso do partido de <a href=\"https:\/\/exame.abril.com.br\/noticias-sobre\/jair-bolsonaro\/\" target=\"_blank\" rel=\"noopener noreferrer\"><strong>Jair Bolsonaro<\/strong><\/a>, PSL, na semana passada.<\/p>\n<p>Desde ent\u00e3o, ele n\u00e3o tinha voltado \u00e0 <a href=\"https:\/\/exame.abril.com.br\/noticias-sobre\/camara-dos-deputados\/\" target=\"_blank\" rel=\"noopener noreferrer\"><strong>C\u00e2mara<\/strong><\/a>. Ele havia dito que s\u00f3 voltaria quando tivesse resolvido com qual partido seguiria seu mandato.<\/p>\n<p>Na noite desta segunda, Alexandre Frota (PSDB-SP) <a href=\"https:\/\/exame.abril.com.br\/brasil\/frota-critica-governo-bolsonaro-nao-pode-opinar-que-e-expulso\/\" target=\"_blank\" rel=\"noopener noreferrer\">criticou o que chamou de \u201cditadura bolsonariana\u201d<\/a> em entrevista ao programa Roda Viva, da TV Cultura.<\/p>\n<p>Segundo Frota, que apoiou o presidente durante a disputa eleitoral, n\u00e3o existe abertura ao di\u00e1logo e nem espa\u00e7o para quem pensa diferente.<\/p>\n<p>\u201cBolsonaro quer fazer as coisas do jeito dele, ouve muito pouco aqueles que querem se posicionar. E a gente tem que procurar um di\u00e1logo, ele n\u00e3o est\u00e1 aberto a isso, ele est\u00e1 aberto s\u00f3 para determinadas pessoas que ele acha que fazem parte do mundo dele\u201d afirmou, citando que o presidente ouve o filho Carlos Bolsonaro vereador no Rio, o fil\u00f3sofo Olavo de Carvalho e o assessor especial da Presid\u00eancia para Assuntos Internacionais, Filipe Martins<\/p>\n<p>A ida de Alexandre Frota para o PSDB exp\u00f4s ainda mais a divis\u00e3o entre a chamada &#8220;velha-guarda&#8221; do partido e o governador Jo\u00e3o Doria.<\/p>\n<p>Em of\u00edcio obtido que foi enviado ao diret\u00f3rio estadual paulista, o ex-senador Jos\u00e9 An\u00edbal e o ex-presidente estadual da sigla Pedro Tobias <a href=\"https:\/\/exame.abril.com.br\/brasil\/tucanos-querem-barrar-filiacao-de-alexandre-frota-no-psdb\/\" target=\"_blank\" rel=\"noopener noreferrer\">dizem que o pedido de filia\u00e7\u00e3o deve ser impugnado<\/a>. De acordo com o texto, Frota &#8220;possui vasto hist\u00f3rico de hostilidades ao<span>\u00a0<\/span><strong><a href=\"https:\/\/exame.abril.com.br\/noticias-sobre\/psdb\/\" target=\"_blank\" rel=\"noopener noreferrer\">PSDB<\/a><\/strong><span>\u00a0<\/span>e suas mais emblem\u00e1ticas lideran\u00e7as, tendo deferido ofensas ao \u00e0 \u00e9poca Presidente Nacional do partido e candidato \u00e0 Presid\u00eancia da Rep\u00fablica,<span>\u00a0<\/span><strong><a href=\"https:\/\/exame.abril.com.br\/noticias-sobre\/geraldo-alckmin\" target=\"_blank\" rel=\"noopener noreferrer\">Geraldo Alckmin<\/a><\/strong>.\u201d<\/p>\n<p><br \/>\n<br \/><a href=\"https:\/\/exame.abril.com.br\/brasil\/doria-apresenta-frota-a-bancada-do-psdb-na-camara\/\">Fonte do artigo <\/a><br \/>\nTags:<br \/>\n#politica #political #negocios #business #marketingdigital #empreendedorismo #marketing #emprendedores #empreender #sucesso #empresas #emprendimiento #emprendedor #empreendedor #emprender #dinheiro #dinero #empresario #vendas #liderazgo #motivacion #foco #motivacao #negocio #brasil<\/p>\n","protected":false},"excerpt":{"rendered":"<p>Bras\u00edlia \u2014 O governador de S\u00e3o Paulo, Jo\u00e3o Doria (PSDB), est\u00e1 em Bras\u00edlia nesta ter\u00e7a-feira, 20, para apresentar \u00e0 bancada tucana na C\u00e2mara dos Deputados o mais novo filiado do partido, o deputado Alexandre Frota. A apresenta\u00e7\u00e3o acontece na pr\u00f3pria C\u00e2mara, onde os parlamentares est\u00e3o reunidos. Frota foi expulso do partido de Jair Bolsonaro, PSL, [&hellip;]<\/p>\n","protected":false},"author":1,"featured_media":26636,"comment_status":"open","ping_status":"open","sticky":false,"template":"","format":"standard","meta":{"footnotes":""},"categories":[1],"tags":[],"class_list":["post-26635","post","type-post","status-publish","format-standard","has-post-thumbnail","hentry","category-curso-de-copy"],"_links":{"self":[{"href":"https:\/\/wiy.com.br\/noticias\/wp-json\/wp\/v2\/posts\/26635","targetHints":{"allow":["GET"]}}],"collection":[{"href":"https:\/\/wiy.com.br\/noticias\/wp-json\/wp\/v2\/posts"}],"about":[{"href":"https:\/\/wiy.com.br\/noticias\/wp-json\/wp\/v2\/types\/post"}],"author":[{"embeddable":true,"href":"https:\/\/wiy.com.br\/noticias\/wp-json\/wp\/v2\/users\/1"}],"replies":[{"embeddable":true,"href":"https:\/\/wiy.com.br\/noticias\/wp-json\/wp\/v2\/comments?post=26635"}],"version-history":[{"count":0,"href":"https:\/\/wiy.com.br\/noticias\/wp-json\/wp\/v2\/posts\/26635\/revisions"}],"wp:featuredmedia":[{"embeddable":true,"href":"https:\/\/wiy.com.br\/noticias\/wp-json\/wp\/v2\/media\/26636"}],"wp:attachment":[{"href":"https:\/\/wiy.com.br\/noticias\/wp-json\/wp\/v2\/media?parent=26635"}],"wp:term":[{"taxonomy":"category","embeddable":true,"href":"https:\/\/wiy.com.br\/noticias\/wp-json\/wp\/v2\/categories?post=26635"},{"taxonomy":"post_tag","embeddable":true,"href":"https:\/\/wiy.com.br\/noticias\/wp-json\/wp\/v2\/tags?post=26635"}],"curies":[{"name":"wp","href":"https:\/\/api.w.org\/{rel}","templated":true}]}}