{"id":26596,"date":"2023-02-26T15:37:41","date_gmt":"2023-02-26T18:37:41","guid":{"rendered":"https:\/\/wiy.com.br\/noticias\/brasil-tem-maior-numero-de-queimadas-em-7-anos\/"},"modified":"2019-08-20T09:38:16","modified_gmt":"2019-08-20T12:38:16","slug":"brasil-tem-maior-numero-de-queimadas-em-7-anos","status":"publish","type":"post","link":"https:\/\/wiy.com.br\/noticias\/brasil-tem-maior-numero-de-queimadas-em-7-anos\/","title":{"rendered":"Brasil tem maior n\u00famero de queimadas em 7 anos"},"content":{"rendered":"<p> <br \/>\n<\/p>\n<p>O n\u00famero de focos de <strong><a href=\"https:\/\/exame.abril.com.br\/noticias-sobre\/desmatamento\/\">queimadas<\/a> <\/strong>no pa\u00eds j\u00e1 \u00e9 o maior dos \u00faltimos sete anos. De 1\u00ba de janeiro a este domingo, foram registrados 71.497 focos &#8211; alta de 82% em rela\u00e7\u00e3o ao mesmo per\u00edodo do ano passado.<\/p>\n<p>O recorde anterior era de 2016, com 66.622 registros no mesmo per\u00edodo. Os dados s\u00e3o do Instituto Nacional de Pesquisas Espaciais (Inpe). Depois do Amazonas, o governo do Acre declarou na sexta, estado de alerta ambiental por causa de inc\u00eandios em matas.<\/p>\n<div class=\"widget-news widget-box no-margin no-border\"><span class=\"widget-news-title content-box-title\">Veja tamb\u00e9m<\/span><\/p>\n<ul class=\"widget-news-list\">\n<li class=\"widget-news-item without-thumb with-border\">\n<div class=\"widget-news-info\"><a href=\"http:\/\/exame.abril.com.br\/brasil\">BRASIL<\/a><span class=\"widget-news-item-title\"><a href=\"https:\/\/exame.abril.com.br\/brasil\/monitoramento-da-amazonia-pelo-inpe-e-o-melhor-do-mundo-diz-especialista\/\">Monitoramento da Amaz\u00f4nia pelo Inpe \u00e9 o melhor do mundo, diz especialista<\/a><\/span><span class=\"widget-news-item-date\">17 ago 2019 &#8211; 15h08<\/span><\/div>\n<\/li>\n<li class=\"widget-news-item without-thumb with-border\">\n<div class=\"widget-news-info\"><a href=\"http:\/\/exame.abril.com.br\/brasil\">BRASIL<\/a><span class=\"widget-news-item-title\"><a href=\"https:\/\/exame.abril.com.br\/brasil\/ex-diretor-do-inpe-questiona-novo-sistema-para-dados-sobre-desmatamento\/\">Ex-diretor do Inpe questiona novo sistema para dados sobre desmatamento<\/a><\/span><span class=\"widget-news-item-date\">17 ago 2019 &#8211; 10h08<\/span><\/div>\n<\/li>\n<li class=\"widget-news-item without-thumb with-border\">\n<div class=\"widget-news-info\"><a href=\"http:\/\/exame.abril.com.br\/brasil\">BRASIL<\/a><span class=\"widget-news-item-title\"><a href=\"https:\/\/exame.abril.com.br\/brasil\/relatorio-amazonia-perde-em-um-mes-area-do-tamanho-do-municipio-do-rio\/\">Relat\u00f3rio: Amaz\u00f4nia perde em um m\u00eas \u00e1rea do tamanho do munic\u00edpio do Rio<\/a><\/span><span class=\"widget-news-item-date\">16 ago 2019 &#8211; 11h08<\/span><\/div>\n<\/li>\n<\/ul>\n<\/div>\n<p><br \/>\n<br \/><a href=\"https:\/\/exame.abril.com.br\/brasil\/brasil-tem-maior-numero-de-queimadas-em-7-anos\/\">Fonte do artigo <\/a><br \/>\nTags:<br \/>\n#politica #political #negocios #business #marketingdigital #empreendedorismo #marketing #emprendedores #empreender #sucesso #empresas #emprendimiento #emprendedor #empreendedor #emprender #dinheiro #dinero #empresario #vendas #liderazgo #motivacion #foco #motivacao #negocio #brasil<\/p>\n","protected":false},"excerpt":{"rendered":"<p>O n\u00famero de focos de queimadas no pa\u00eds j\u00e1 \u00e9 o maior dos \u00faltimos sete anos. De 1\u00ba de janeiro a este domingo, foram registrados 71.497 focos &#8211; alta de 82% em rela\u00e7\u00e3o ao mesmo per\u00edodo do ano passado. O recorde anterior era de 2016, com 66.622 registros no mesmo per\u00edodo. Os dados s\u00e3o do [&hellip;]<\/p>\n","protected":false},"author":1,"featured_media":26597,"comment_status":"open","ping_status":"open","sticky":false,"template":"","format":"standard","meta":{"footnotes":""},"categories":[1],"tags":[],"class_list":["post-26596","post","type-post","status-publish","format-standard","has-post-thumbnail","hentry","category-curso-de-copy"],"_links":{"self":[{"href":"https:\/\/wiy.com.br\/noticias\/wp-json\/wp\/v2\/posts\/26596","targetHints":{"allow":["GET"]}}],"collection":[{"href":"https:\/\/wiy.com.br\/noticias\/wp-json\/wp\/v2\/posts"}],"about":[{"href":"https:\/\/wiy.com.br\/noticias\/wp-json\/wp\/v2\/types\/post"}],"author":[{"embeddable":true,"href":"https:\/\/wiy.com.br\/noticias\/wp-json\/wp\/v2\/users\/1"}],"replies":[{"embeddable":true,"href":"https:\/\/wiy.com.br\/noticias\/wp-json\/wp\/v2\/comments?post=26596"}],"version-history":[{"count":0,"href":"https:\/\/wiy.com.br\/noticias\/wp-json\/wp\/v2\/posts\/26596\/revisions"}],"wp:featuredmedia":[{"embeddable":true,"href":"https:\/\/wiy.com.br\/noticias\/wp-json\/wp\/v2\/media\/26597"}],"wp:attachment":[{"href":"https:\/\/wiy.com.br\/noticias\/wp-json\/wp\/v2\/media?parent=26596"}],"wp:term":[{"taxonomy":"category","embeddable":true,"href":"https:\/\/wiy.com.br\/noticias\/wp-json\/wp\/v2\/categories?post=26596"},{"taxonomy":"post_tag","embeddable":true,"href":"https:\/\/wiy.com.br\/noticias\/wp-json\/wp\/v2\/tags?post=26596"}],"curies":[{"name":"wp","href":"https:\/\/api.w.org\/{rel}","templated":true}]}}