{"id":26566,"date":"2023-02-26T14:54:48","date_gmt":"2023-02-26T17:54:48","guid":{"rendered":"https:\/\/wiy.com.br\/noticias\/em-meio-a-uma-crise-receita-confirma-substituicao-de-numero-2\/"},"modified":"2019-08-20T02:31:16","modified_gmt":"2019-08-20T05:31:16","slug":"em-meio-a-uma-crise-receita-confirma-substituicao-de-numero-2","status":"publish","type":"post","link":"https:\/\/wiy.com.br\/noticias\/em-meio-a-uma-crise-receita-confirma-substituicao-de-numero-2\/","title":{"rendered":"Em meio a uma crise, Receita confirma substitui\u00e7\u00e3o de n\u00famero 2"},"content":{"rendered":"<p> <br \/>\n<\/p>\n<p>A <strong><a href=\"https:\/\/exame.abril.com.br\/noticias-sobre\/receita-federal\/\" target=\"_blank\" rel=\"noopener noreferrer\">Receita Federal<\/a><\/strong> confirmou, em nota, a substitui\u00e7\u00e3o do subsecret\u00e1rio-geral do \u00f3rg\u00e3o, Jo\u00e3o Paulo Ramos Fachada Martins da Silva, pelo auditor fiscal Jos\u00e9 de Assis Ferraz Neto.<\/p>\n<p>Segundo o \u00f3rg\u00e3o, Ferraz Neto &#8211; que j\u00e1 foi superintendente adjunto da Receita na 4\u00aa Regi\u00e3o &#8211; Alagoas, Para\u00edba, Pernambuco e Rio Grande do Norte &#8211; atualmente est\u00e1 em exerc\u00edcio na \u00e1rea de fiscaliza\u00e7\u00e3o da Delegacia da Receita Federal no Recife-PE. Na nota, o secret\u00e1rio especial da Receita Federal, <strong><a href=\"https:\/\/exame.abril.com.br\/noticias-sobre\/marcos-cintra\/\" target=\"_blank\" rel=\"noopener noreferrer\">Marcos Cintra<\/a><\/strong>, agradece o &#8220;empenho e a dedica\u00e7\u00e3o&#8221; Fachada.<\/p>\n<p>Depois de decidir trocar o n\u00famero dois da Receita Federal, o secret\u00e1rio especial o \u00f3rg\u00e3o, Marcos Cintra, est\u00e1 reunido com todos os subsecret\u00e1rios do fisco.<\/p>\n<p>Pela manh\u00e3, os subsecret\u00e1rios, respons\u00e1veis por \u00e1reas como fiscaliza\u00e7\u00e3o e aduana, se reuniram em Bras\u00edlia para discutir a situa\u00e7\u00e3o da Receita. Por volta de 16h, eles se encontraram com Cintra, logo ap\u00f3s de o Broadcast, sistema de not\u00edcias em tempo real do Grupo Estado, divulgar que o secret\u00e1rio havia decidido trocar o titular do cargo de subsecret\u00e1rio-geral do \u00f3rg\u00e3o.<\/p>\n<div class=\"widget-news widget-box no-margin no-border\"><span class=\"widget-news-title content-box-title\">Veja tamb\u00e9m<\/span><\/p>\n<ul class=\"widget-news-list\">\n<li class=\"widget-news-item without-thumb with-border\">\n<div class=\"widget-news-info\"><a href=\"http:\/\/exame.abril.com.br\/brasil\">BRASIL<\/a><span class=\"widget-news-item-title\"><a href=\"https:\/\/exame.abril.com.br\/brasil\/chefes-da-receita-ameacam-entrega-de-cargos-por-interferencia-politica\/\">Chefes da Receita e da PF amea\u00e7am entregar cargos contra interfer\u00eancias<\/a><\/span><span class=\"widget-news-item-date\">17 ago 2019 &#8211; 10h08<\/span><\/div>\n<\/li>\n<li class=\"widget-news-item without-thumb with-border\">\n<div class=\"widget-news-info\"><a href=\"http:\/\/exame.abril.com.br\/brasil\">BRASIL<\/a><span class=\"widget-news-item-title\"><a href=\"https:\/\/exame.abril.com.br\/brasil\/de-surpresa-bolsonaro-anuncia-troca-de-chefe-da-pf-rj-instituicao-reage\/\">De surpresa, Bolsonaro anuncia troca de chefe da PF-RJ; delegados reagem<\/a><\/span><span class=\"widget-news-item-date\">15 ago 2019 &#8211; 17h08<\/span><\/div>\n<\/li>\n<\/ul>\n<\/div>\n<p>Servidor de carreira, Fachada era o n\u00famero dois da Receita e \u00e9, na pr\u00e1tica, o respons\u00e1vel pela gest\u00e3o do dia a dia do Fisco. A troca do comando na subsecretaria-geral ocorre em meio \u00e0 crise institucional na Receita ap\u00f3s cr\u00edticas de atua\u00e7\u00e3o pol\u00edtica do \u00f3rg\u00e3o, que partem sobretudo do Supremo Tribunal Federal (STF) e Tribunal de Contas da Uni\u00e3o (TCU).<\/p>\n<p>Na semana passada, como mostrou o Estad\u00e3o\/Broadcast, pessoas ligadas ao presidente Jair Bolsonaro pediram ao superintendente da Receita no Rio de Janeiro, M\u00e1rio Dehon, a troca de delegados chefes de duas unidades no Estado &#8211; a delegacia da Alf\u00e2ndega da Receita Federal no Porto de Itagua\u00ed e da Delegacia da Receita Federal no Rio de Janeiro II, na Barra da Tijuca.<\/p>\n<p><br \/>\n<br \/><a href=\"https:\/\/exame.abril.com.br\/brasil\/receita-confirma-substituicao-de-numero-2-no-comando\/\">Fonte do artigo <\/a><br \/>\nTags:<br \/>\n#politica #political #negocios #business #marketingdigital #empreendedorismo #marketing #emprendedores #empreender #sucesso #empresas #emprendimiento #emprendedor #empreendedor #emprender #dinheiro #dinero #empresario #vendas #liderazgo #motivacion #foco #motivacao #negocio #brasil<\/p>\n","protected":false},"excerpt":{"rendered":"<p>A Receita Federal confirmou, em nota, a substitui\u00e7\u00e3o do subsecret\u00e1rio-geral do \u00f3rg\u00e3o, Jo\u00e3o Paulo Ramos Fachada Martins da Silva, pelo auditor fiscal Jos\u00e9 de Assis Ferraz Neto. Segundo o \u00f3rg\u00e3o, Ferraz Neto &#8211; que j\u00e1 foi superintendente adjunto da Receita na 4\u00aa Regi\u00e3o &#8211; Alagoas, Para\u00edba, Pernambuco e Rio Grande do Norte &#8211; atualmente est\u00e1 [&hellip;]<\/p>\n","protected":false},"author":1,"featured_media":26567,"comment_status":"open","ping_status":"open","sticky":false,"template":"","format":"standard","meta":{"footnotes":""},"categories":[1],"tags":[],"class_list":["post-26566","post","type-post","status-publish","format-standard","has-post-thumbnail","hentry","category-curso-de-copy"],"_links":{"self":[{"href":"https:\/\/wiy.com.br\/noticias\/wp-json\/wp\/v2\/posts\/26566","targetHints":{"allow":["GET"]}}],"collection":[{"href":"https:\/\/wiy.com.br\/noticias\/wp-json\/wp\/v2\/posts"}],"about":[{"href":"https:\/\/wiy.com.br\/noticias\/wp-json\/wp\/v2\/types\/post"}],"author":[{"embeddable":true,"href":"https:\/\/wiy.com.br\/noticias\/wp-json\/wp\/v2\/users\/1"}],"replies":[{"embeddable":true,"href":"https:\/\/wiy.com.br\/noticias\/wp-json\/wp\/v2\/comments?post=26566"}],"version-history":[{"count":0,"href":"https:\/\/wiy.com.br\/noticias\/wp-json\/wp\/v2\/posts\/26566\/revisions"}],"wp:featuredmedia":[{"embeddable":true,"href":"https:\/\/wiy.com.br\/noticias\/wp-json\/wp\/v2\/media\/26567"}],"wp:attachment":[{"href":"https:\/\/wiy.com.br\/noticias\/wp-json\/wp\/v2\/media?parent=26566"}],"wp:term":[{"taxonomy":"category","embeddable":true,"href":"https:\/\/wiy.com.br\/noticias\/wp-json\/wp\/v2\/categories?post=26566"},{"taxonomy":"post_tag","embeddable":true,"href":"https:\/\/wiy.com.br\/noticias\/wp-json\/wp\/v2\/tags?post=26566"}],"curies":[{"name":"wp","href":"https:\/\/api.w.org\/{rel}","templated":true}]}}