{"id":26330,"date":"2023-02-26T15:38:18","date_gmt":"2023-02-26T18:38:18","guid":{"rendered":"https:\/\/wiy.com.br\/noticias\/apos-visita-ao-allianz-parque-procon-e-pm-mantem-rede-em-setor\/"},"modified":"2019-08-16T16:10:12","modified_gmt":"2019-08-16T19:10:12","slug":"apos-visita-ao-allianz-parque-procon-e-pm-mantem-rede-em-setor","status":"publish","type":"post","link":"https:\/\/wiy.com.br\/noticias\/apos-visita-ao-allianz-parque-procon-e-pm-mantem-rede-em-setor\/","title":{"rendered":"Ap\u00f3s visita ao Allianz Parque, Procon e PM mant\u00eam rede em setor"},"content":{"rendered":"<p> <br \/>\n<\/p>\n<p>O Allianz Parque vai continuar com uma rede colocada no setor de visitantes durante os jogos do Palmeiras. Ap\u00f3s uma vistoria e uma reuni\u00e3o no est\u00e1dio nesta sexta-feira (16) entre representantes da Pol\u00edcia Militar, do clube e do Procon-SP, ficou decidido que a prote\u00e7\u00e3o ser\u00e1 mantida por quest\u00f5es de seguran\u00e7a enquanto ainda n\u00e3o se decide qual \u00e9 a alternativa mais vi\u00e1vel.<\/p>\n<p>O encontro na arena foi marcado pelo \u00f3rg\u00e3o de defesa do consumidor ap\u00f3s receber reclama\u00e7\u00f5es de v\u00e1rios torcedores do Bahia. No \u00faltimo domingo (11), quem comprou ingresso para acompanhar a partida com o Palmeiras e ficou no setor de visitantes, na parte superior, reclamou da falta de visibilidade para o campo. O problema tem como causa a tela de prote\u00e7\u00e3o e a incid\u00eancia do sol no local.<\/p>\n<p>Durante a reuni\u00e3o, o Palmeiras explicou em detalhes o hist\u00f3rico da utiliza\u00e7\u00e3o da tela e afirmou que a dificuldade de visualizar o campo s\u00f3 acontece em um hor\u00e1rio espec\u00edfico, quando h\u00e1 mais incid\u00eancia de raios solares no setor, por volta das 16h45 \u00e0s 17h. O problema \u00e9 mais comum durante o inverno. O Procon-SP e a PM prometeram acompanhar a situa\u00e7\u00e3o e avaliaram que o melhor era manter a prote\u00e7\u00e3o.<\/p>\n<p>O intuito \u00e9 estudar alguma alternativa para substituir a tela por uma outra barreira de prote\u00e7\u00e3o. A coloca\u00e7\u00e3o da rede consiste em uma exig\u00eancia da PM presente no laudo de seguran\u00e7a do est\u00e1dio, para evitar o arremesso de objetos no campo e contra a torcida do Palmeiras durante as partidas. A PM e o Procon-SP prometeram observar os pr\u00f3ximos jogos no Allianz Parque para analisar quais medidas devem ser tomadas.<\/p>\n<p>Antes da tela, o Palmeiras chegou a colocar no setor de visitantes uma parede de acr\u00edlico. O material acabou retirado em 2017, depois da torcida do Atl\u00e9tico-MG reclamar da visibilidade. Na ocasi\u00e3o, algumas pessoas presentes no jogo reclamaram na ouvidoria do clube alviverde e conseguiram a devolu\u00e7\u00e3o do dinheiro pago no ingresso.<\/p>\n<figure><img title = \"[Tags]\"alt = \"rede Ap\u00f3s visita ao Allianz Parque, Procon e PM mant\u00eam rede em setor\"decoding=\"async\" src=\"https:\/\/abrilvejasp.files.wordpress.com\/2019\/08\/rede.jpg\" \/><figcaption>A tela de prote\u00e7\u00e3o<span class=\"copyright\">Veja SP<\/span><\/figcaption><\/figure>\n<p><br \/>\n<br \/><a href=\"https:\/\/vejasp.abril.com.br\/cidades\/allianz-setor-visitantes\/\">Fonte do Artigo <\/a><br \/>\nTags:<br \/>\n#loterias #loteriascaixa #megasena #resultadoapostas#noticias #noticiario  #noticia #brasil #noticiascolombia #mundo #esporte #colombia #noticiadeld #ltimasnoticias  #noticiario #noticiasregionales #noticiasdepartamentales #noticiashoy #esportes #noticiaahora #elinformantenoticias #noticiasdeboyac  #esporteinterativo #esportivo #diariodosesportes  #noticiero  #jogodefutebol #jogos #loto #apostas<\/p>\n","protected":false},"excerpt":{"rendered":"<p>O Allianz Parque vai continuar com uma rede colocada no setor de visitantes durante os jogos do Palmeiras. Ap\u00f3s uma vistoria e uma reuni\u00e3o no est\u00e1dio nesta sexta-feira (16) entre representantes da Pol\u00edcia Militar, do clube e do Procon-SP, ficou decidido que a prote\u00e7\u00e3o ser\u00e1 mantida por quest\u00f5es de seguran\u00e7a enquanto ainda n\u00e3o se decide [&hellip;]<\/p>\n","protected":false},"author":1,"featured_media":26331,"comment_status":"open","ping_status":"open","sticky":false,"template":"","format":"standard","meta":{"footnotes":""},"categories":[1],"tags":[],"class_list":["post-26330","post","type-post","status-publish","format-standard","has-post-thumbnail","hentry","category-curso-de-copy"],"_links":{"self":[{"href":"https:\/\/wiy.com.br\/noticias\/wp-json\/wp\/v2\/posts\/26330","targetHints":{"allow":["GET"]}}],"collection":[{"href":"https:\/\/wiy.com.br\/noticias\/wp-json\/wp\/v2\/posts"}],"about":[{"href":"https:\/\/wiy.com.br\/noticias\/wp-json\/wp\/v2\/types\/post"}],"author":[{"embeddable":true,"href":"https:\/\/wiy.com.br\/noticias\/wp-json\/wp\/v2\/users\/1"}],"replies":[{"embeddable":true,"href":"https:\/\/wiy.com.br\/noticias\/wp-json\/wp\/v2\/comments?post=26330"}],"version-history":[{"count":0,"href":"https:\/\/wiy.com.br\/noticias\/wp-json\/wp\/v2\/posts\/26330\/revisions"}],"wp:featuredmedia":[{"embeddable":true,"href":"https:\/\/wiy.com.br\/noticias\/wp-json\/wp\/v2\/media\/26331"}],"wp:attachment":[{"href":"https:\/\/wiy.com.br\/noticias\/wp-json\/wp\/v2\/media?parent=26330"}],"wp:term":[{"taxonomy":"category","embeddable":true,"href":"https:\/\/wiy.com.br\/noticias\/wp-json\/wp\/v2\/categories?post=26330"},{"taxonomy":"post_tag","embeddable":true,"href":"https:\/\/wiy.com.br\/noticias\/wp-json\/wp\/v2\/tags?post=26330"}],"curies":[{"name":"wp","href":"https:\/\/api.w.org\/{rel}","templated":true}]}}