{"id":26093,"date":"2023-02-26T15:18:23","date_gmt":"2023-02-26T18:18:23","guid":{"rendered":"https:\/\/wiy.com.br\/noticias\/rede-concede-prazo-de-90-dias-para-novos-clientes-abrirem-conta-no-itau\/"},"modified":"2019-08-14T16:11:48","modified_gmt":"2019-08-14T19:11:48","slug":"rede-concede-prazo-de-90-dias-para-novos-clientes-abrirem-conta-no-itau","status":"publish","type":"post","link":"https:\/\/wiy.com.br\/noticias\/rede-concede-prazo-de-90-dias-para-novos-clientes-abrirem-conta-no-itau\/","title":{"rendered":"Rede concede prazo de 90 dias para novos clientes abrirem conta no Ita\u00fa"},"content":{"rendered":"<p> <br \/>\n<\/p>\n<p>S\u00e3o Paulo \u2014 A <strong><a href=\"https:\/\/exame.abril.com.br\/noticias-sobre\/rede\" target=\"_blank\" rel=\"noopener noreferrer\">Rede<\/a><\/strong>, bra\u00e7o de meios de pagamentos do <strong><a href=\"https:\/\/exame.abril.com.br\/noticias-sobre\/itau\/\" target=\"_blank\" rel=\"noopener noreferrer\">Ita\u00fa Unibanco<\/a><\/strong>, anunciou nesta quarta-feira, 14, que dar\u00e1 para lojistas que aderirem ao pacote de servi\u00e7os um prazo de 90 dias para abertura de uma conta corrente no banco e manter o benef\u00edcio de taxas menores.<\/p>\n<p>O pacote lan\u00e7ado em maio prev\u00ea zerar a cobran\u00e7a sobre antecipa\u00e7\u00e3o de receb\u00edveis de lojistas nas compras pagas com cart\u00f5es de cr\u00e9dito na modalidade \u00e0 vista, desde que tenham conta no Ita\u00fa Unibanco ou em bancos parceiros.<\/p>\n<p>Em vez disso, os lojistas pagam uma taxa a partir de 3,5% para ter todo o conjunto de servi\u00e7os envolvidos ao processar os pagamentos. O pacote vale para clientes que aderirem novos a partir de 2 de setembro.<\/p>\n<div class=\"widget-news widget-box no-margin no-border\"><span class=\"widget-news-title content-box-title\">Veja tamb\u00e9m<\/span><\/p>\n<ul class=\"widget-news-list\">\n<li class=\"widget-news-item without-thumb with-border\">\n<div class=\"widget-news-info\"><a href=\"http:\/\/exame.abril.com.br\/seu-dinheiro\">SEU DINHEIRO<\/a><span class=\"widget-news-item-title\"><a href=\"https:\/\/exame.abril.com.br\/seu-dinheiro\/ta-no-vermelho-itau-cria-campanha-para-renegociacao-de-dividas\/\">T\u00e1 no vermelho? Ita\u00fa cria campanha para renegocia\u00e7\u00e3o de d\u00edvidas<\/a><\/span><span class=\"widget-news-item-date\">12 ago 2019 &#8211; 14h08<\/span><\/div>\n<\/li>\n<li class=\"widget-news-item without-thumb with-border\">\n<div class=\"widget-news-info\"><a href=\"http:\/\/exame.abril.com.br\/negocios\">NEG\u00d3CIOS<\/a><span class=\"widget-news-item-title\"><a href=\"https:\/\/exame.abril.com.br\/negocios\/getnet-da-a-largada-na-portabilidade-de-maquininhas\/\">GetNet d\u00e1 a largada na portabilidade de maquininhas<\/a><\/span><span class=\"widget-news-item-date\">1 ago 2019 &#8211; 11h08<\/span><\/div>\n<\/li>\n<\/ul>\n<\/div>\n<p>&#8220;Vimos que em alguns casos os clientes precisam de algum prazo para superar dificuldades na abertura das contas e preferimos n\u00e3o dificultar o processo&#8221;, disse o presidente da Rede, Marcos Magalh\u00e3es.<\/p>\n<p>Segundo o executivo, desde o in\u00edcio da campanha o n\u00famero de credenciamentos adicionais em rela\u00e7\u00e3o ao trimestre anterior foi de 70 mil clientes.<\/p>\n<p>#noticias #economia #sustentabilidade #dinheiro #economia<br \/>\n<br \/><br \/>\n<br \/><a href=\"https:\/\/exame.abril.com.br\/negocios\/rede-concede-prazo-de-90-dias-para-novos-clientes-abrirem-conta-no-itau\/\">Fonte do Artigo <\/a><br \/>\nTags:<br \/>\n#noticias #economia #sustentabilidade #dinheiro #economia #energialimpa #brasil #tecnologia #meioambiente #engenharia #empreendedorismo #energia  #energiasolar #politica #energiasolarfotovoltaica #supermercado #solar #sucesso #financas #finanzas #qualidade #educa #bolsonaro #fotovoltaica #vendas #noticias24<\/p>\n","protected":false},"excerpt":{"rendered":"<p>S\u00e3o Paulo \u2014 A Rede, bra\u00e7o de meios de pagamentos do Ita\u00fa Unibanco, anunciou nesta quarta-feira, 14, que dar\u00e1 para lojistas que aderirem ao pacote de servi\u00e7os um prazo de 90 dias para abertura de uma conta corrente no banco e manter o benef\u00edcio de taxas menores. O pacote lan\u00e7ado em maio prev\u00ea zerar a [&hellip;]<\/p>\n","protected":false},"author":1,"featured_media":26094,"comment_status":"open","ping_status":"open","sticky":false,"template":"","format":"standard","meta":{"footnotes":""},"categories":[1,339],"tags":[],"class_list":["post-26093","post","type-post","status-publish","format-standard","has-post-thumbnail","hentry","category-curso-de-copy","category-negocios"],"_links":{"self":[{"href":"https:\/\/wiy.com.br\/noticias\/wp-json\/wp\/v2\/posts\/26093","targetHints":{"allow":["GET"]}}],"collection":[{"href":"https:\/\/wiy.com.br\/noticias\/wp-json\/wp\/v2\/posts"}],"about":[{"href":"https:\/\/wiy.com.br\/noticias\/wp-json\/wp\/v2\/types\/post"}],"author":[{"embeddable":true,"href":"https:\/\/wiy.com.br\/noticias\/wp-json\/wp\/v2\/users\/1"}],"replies":[{"embeddable":true,"href":"https:\/\/wiy.com.br\/noticias\/wp-json\/wp\/v2\/comments?post=26093"}],"version-history":[{"count":0,"href":"https:\/\/wiy.com.br\/noticias\/wp-json\/wp\/v2\/posts\/26093\/revisions"}],"wp:featuredmedia":[{"embeddable":true,"href":"https:\/\/wiy.com.br\/noticias\/wp-json\/wp\/v2\/media\/26094"}],"wp:attachment":[{"href":"https:\/\/wiy.com.br\/noticias\/wp-json\/wp\/v2\/media?parent=26093"}],"wp:term":[{"taxonomy":"category","embeddable":true,"href":"https:\/\/wiy.com.br\/noticias\/wp-json\/wp\/v2\/categories?post=26093"},{"taxonomy":"post_tag","embeddable":true,"href":"https:\/\/wiy.com.br\/noticias\/wp-json\/wp\/v2\/tags?post=26093"}],"curies":[{"name":"wp","href":"https:\/\/api.w.org\/{rel}","templated":true}]}}