{"id":25994,"date":"2023-02-26T15:13:38","date_gmt":"2023-02-26T18:13:38","guid":{"rendered":"https:\/\/wiy.com.br\/noticias\/governo-cria-app-para-doacao-e-trabalho-voluntario-em-sao-paulo\/"},"modified":"2019-08-13T20:00:31","modified_gmt":"2019-08-13T23:00:31","slug":"governo-cria-app-para-doacao-e-trabalho-voluntario-em-sao-paulo","status":"publish","type":"post","link":"https:\/\/wiy.com.br\/noticias\/governo-cria-app-para-doacao-e-trabalho-voluntario-em-sao-paulo\/","title":{"rendered":"Governo cria app para doa\u00e7\u00e3o e trabalho volunt\u00e1rio em S\u00e3o Paulo"},"content":{"rendered":"<p> <br \/>\n<\/p>\n<p>A partir de setembro, quem mora no estado de S\u00e3o Paulo vai conseguir fazer doa\u00e7\u00f5es a pessoas carentes ou realizar trabalhos volunt\u00e1rios com a ajuda de um novo aplicativo de celular.<\/p>\n<p>Chamada &#8220;SP+Humana&#8221;, a plataforma foi desenvolvida pelo Fundo Social de S\u00e3o Paulo, \u00f3rg\u00e3o ligado ao governo paulista. Por meio dela, o usu\u00e1rio ter\u00e1 acesso a todas as entidades cadastradas pr\u00f3ximas a ele e ainda poder\u00e1, a partir de filtros de pesquisa, escolher o p\u00fablico e a forma como deseja ajudar.<\/p>\n<p>A ferramenta permitir\u00e1 v\u00e1rios tipos de colabora\u00e7\u00e3o, desde doa\u00e7\u00e3o de roupas, alimento e mob\u00edlia, at\u00e9 oferecimento de trabalho volunt\u00e1rio. &#8220;O usu\u00e1rio vai poder ajudar crian\u00e7as, adolescentes ou idosos. Por enquanto, 5 000 entidades est\u00e3o cadastradas e validadas na plataforma&#8221;, explica o presidente do \u00f3rg\u00e3o, Filipe Sabar\u00e1, idealizador do projeto, cuja meta \u00e9 atingir cerca de 19 milh\u00f5es de poss\u00edveis volunt\u00e1rios.<\/p>\n<p>Segundo Sabar\u00e1, o app contar\u00e1 com uma ferramenta para avalia\u00e7\u00e3o tanto das organiza\u00e7\u00f5es, quanto dos usu\u00e1rios. Uma vez classificadas, as entidades ser\u00e3o dispostas em um ranking de desempenho.<\/p>\n<p>&#8220;A gente decidiu desenvolver o aplicativo porque t\u00ednhamos uma cultura de doa\u00e7\u00e3o muito fraca. Ouv\u00edamos muitas pessoas dizendo: &#8216;Eu quero ajudar, mas n\u00e3o sei como&#8217;&#8221;, diz o presidente do Fundo Social. &#8220;Agora n\u00e3o tem mais essa hist\u00f3ria. \u00c9 s\u00f3 usar a plataforma, do sof\u00e1 de casa.&#8221;<\/p>\n<p>O programa estar\u00e1 dispon\u00edvel para download para todos os modelos de celular (IOS ou Android) a partir de setembro.<\/p>\n<div class=\"widget-news widget-box no-margin no-border\"><span class=\"widget-news-title content-box-title\">Veja tamb\u00e9m<\/span><\/p>\n<ul class=\"widget-news-list\">\n<li class=\"widget-news-item without-thumb with-border\">\n<div class=\"widget-news-info\"><a href=\"http:\/\/vejasp.abril.com.br\/cidades\">Cidades<\/a><span class=\"widget-news-item-title\"><a href=\"https:\/\/vejasp.abril.com.br\/cidades\/campanha-sair-casa-dois-casacos\/\">Saia de casa com dois casacos: um para voc\u00ea, outro para doa\u00e7\u00e3o<\/a><\/span><span class=\"widget-news-item-date\">25 jul 2019 &#8211; 19h07<\/span><\/div>\n<\/li>\n<li class=\"widget-news-item without-thumb with-border\">\n<div class=\"widget-news-info\"><a href=\"http:\/\/vejasp.abril.com.br\/cidades\">Cidades<\/a><span class=\"widget-news-item-title\"><a href=\"https:\/\/vejasp.abril.com.br\/cidades\/instagram-oferece-auxilio-a-usuario-que-indica-ter-ansiedade-ou-depressao\/\">Instagram oferece aux\u00edlio a usu\u00e1rio que indica ter ansiedade ou depress\u00e3o<\/a><\/span><span class=\"widget-news-item-date\">28 mar 2019 &#8211; 18h03<\/span><\/div>\n<\/li>\n<li class=\"widget-news-item without-thumb with-border\">\n<div class=\"widget-news-info\"><a href=\"http:\/\/vejasp.abril.com.br\/cidades\">Cidades<\/a><span class=\"widget-news-item-title\"><a href=\"https:\/\/vejasp.abril.com.br\/cidades\/campanha-do-agasalho-como-ajudar\/\">Saiba como ajudar na Campanha do Agasalho 2016<\/a><\/span><span class=\"widget-news-item-date\">10 jun 2016 &#8211; 16h06<\/span><\/div>\n<\/li>\n<\/ul>\n<\/div>\n<p><br \/>\n<br \/><a href=\"https:\/\/vejasp.abril.com.br\/cidades\/governo-app-doacao-trabalho-voluntario\/\">Fonte do Artigo <\/a><br \/>\nTags:<br \/>\n#loterias #loteriascaixa #megasena #resultadoapostas#noticias #noticiario  #noticia #brasil #noticiascolombia #mundo #esporte #colombia #noticiadeld #ltimasnoticias  #noticiario #noticiasregionales #noticiasdepartamentales #noticiashoy #esportes #noticiaahora #elinformantenoticias #noticiasdeboyac  #esporteinterativo #esportivo #diariodosesportes  #noticiero  #jogodefutebol #jogos #loto #apostas<\/p>\n","protected":false},"excerpt":{"rendered":"<p>A partir de setembro, quem mora no estado de S\u00e3o Paulo vai conseguir fazer doa\u00e7\u00f5es a pessoas carentes ou realizar trabalhos volunt\u00e1rios com a ajuda de um novo aplicativo de celular. Chamada &#8220;SP+Humana&#8221;, a plataforma foi desenvolvida pelo Fundo Social de S\u00e3o Paulo, \u00f3rg\u00e3o ligado ao governo paulista. Por meio dela, o usu\u00e1rio ter\u00e1 acesso [&hellip;]<\/p>\n","protected":false},"author":1,"featured_media":25995,"comment_status":"open","ping_status":"open","sticky":false,"template":"","format":"standard","meta":{"footnotes":""},"categories":[1],"tags":[],"class_list":["post-25994","post","type-post","status-publish","format-standard","has-post-thumbnail","hentry","category-curso-de-copy"],"_links":{"self":[{"href":"https:\/\/wiy.com.br\/noticias\/wp-json\/wp\/v2\/posts\/25994","targetHints":{"allow":["GET"]}}],"collection":[{"href":"https:\/\/wiy.com.br\/noticias\/wp-json\/wp\/v2\/posts"}],"about":[{"href":"https:\/\/wiy.com.br\/noticias\/wp-json\/wp\/v2\/types\/post"}],"author":[{"embeddable":true,"href":"https:\/\/wiy.com.br\/noticias\/wp-json\/wp\/v2\/users\/1"}],"replies":[{"embeddable":true,"href":"https:\/\/wiy.com.br\/noticias\/wp-json\/wp\/v2\/comments?post=25994"}],"version-history":[{"count":0,"href":"https:\/\/wiy.com.br\/noticias\/wp-json\/wp\/v2\/posts\/25994\/revisions"}],"wp:featuredmedia":[{"embeddable":true,"href":"https:\/\/wiy.com.br\/noticias\/wp-json\/wp\/v2\/media\/25995"}],"wp:attachment":[{"href":"https:\/\/wiy.com.br\/noticias\/wp-json\/wp\/v2\/media?parent=25994"}],"wp:term":[{"taxonomy":"category","embeddable":true,"href":"https:\/\/wiy.com.br\/noticias\/wp-json\/wp\/v2\/categories?post=25994"},{"taxonomy":"post_tag","embeddable":true,"href":"https:\/\/wiy.com.br\/noticias\/wp-json\/wp\/v2\/tags?post=25994"}],"curies":[{"name":"wp","href":"https:\/\/api.w.org\/{rel}","templated":true}]}}