{"id":25877,"date":"2023-02-26T15:21:03","date_gmt":"2023-02-26T18:21:03","guid":{"rendered":"https:\/\/wiy.com.br\/noticias\/petrobras-faz-pre-pagamento-de-r-27-bi-em-acerto-de-contas-com-petros\/"},"modified":"2019-08-12T20:24:25","modified_gmt":"2019-08-12T23:24:25","slug":"petrobras-faz-pre-pagamento-de-r-27-bi-em-acerto-de-contas-com-petros","status":"publish","type":"post","link":"https:\/\/wiy.com.br\/noticias\/petrobras-faz-pre-pagamento-de-r-27-bi-em-acerto-de-contas-com-petros\/","title":{"rendered":"Petrobras faz pr\u00e9-pagamento de R$ 2,7 bi em acerto de contas com Petros"},"content":{"rendered":"<p> <br \/>\n<\/p>\n<p>Rio de Janeiro &#8211; A <strong><a href=\"https:\/\/exame.abril.com.br\/noticias-sobre\/petrobras\/\" target=\"_blank\" rel=\"noopener noreferrer\">Petrobras<\/a><\/strong> realizou nesta segunda-feira, 12, o pr\u00e9-pagamento de d\u00edvida de 2,7 bilh\u00f5es de reais com o fundo de pens\u00e3o de seus funcion\u00e1rios <strong><a href=\"https:\/\/exame.abril.com.br\/noticias-sobre\/petros\" target=\"_blank\" rel=\"noopener noreferrer\">Petros<\/a><\/strong>, cujo vencimento estava previsto para 2028, informou a companhia em comunicado ao mercado.<\/p>\n<p>A d\u00edvida \u00e9 resultado de Acordo de Obriga\u00e7\u00f5es Rec\u00edprocas (AOR) que fora celebrado com a Petros e diversas entidades sindicais em 2006 visando uma solu\u00e7\u00e3o para o reequil\u00edbrio dos planos, ajuste de seus regulamentos e encerramento de lit\u00edgios judiciais existentes.<\/p>\n<div class=\"widget-news widget-box no-margin no-border\"><span class=\"widget-news-title content-box-title\">Veja tamb\u00e9m<\/span><\/p>\n<ul class=\"widget-news-list\">\n<li class=\"widget-news-item without-thumb with-border\">\n<div class=\"widget-news-info\"><a href=\"http:\/\/exame.abril.com.br\/negocios\">NEG\u00d3CIOS<\/a><span class=\"widget-news-item-title\"><a href=\"https:\/\/exame.abril.com.br\/negocios\/petrobras-investira-us-54-bi-em-projetos-no-rj-nos-proximos-5-anos\/\">Petrobras investir\u00e1 US$ 54 bi em projetos no RJ nos pr\u00f3ximos 5 anos<\/a><\/span><span class=\"widget-news-item-date\">9 ago 2019 &#8211; 19h08<\/span><\/div>\n<\/li>\n<li class=\"widget-news-item without-thumb with-border\">\n<div class=\"widget-news-info\"><a href=\"http:\/\/exame.abril.com.br\/negocios\">NEG\u00d3CIOS<\/a><span class=\"widget-news-item-title\"><a href=\"https:\/\/exame.abril.com.br\/negocios\/petrobras-assina-acordo-de-r8145-mi-para-encerrar-acao-sobre-comperj\/\">Petrobras assina acordo de R$ 814,5 mi para encerrar a\u00e7\u00e3o sobre Comperj<\/a><\/span><span class=\"widget-news-item-date\">9 ago 2019 &#8211; 19h08<\/span><\/div>\n<\/li>\n<\/ul>\n<\/div>\n<p>A empresa detalhou que o termo de compromisso para o pagamento da d\u00edvida visava cobrir d\u00e9ficits gerados pela introdu\u00e7\u00e3o do Fator de Reajuste Inicial (FAT) e Fator de Corre\u00e7\u00e3o (FC) em 1984, per\u00edodo hiperinflacion\u00e1rio, no regulamento para prote\u00e7\u00e3o de benef\u00edcio dos assistidos.<\/p>\n<p>&#8220;O pr\u00e9-pagamento contribui para a melhora da liquidez dos planos e est\u00e1 em linha com a estrat\u00e9gia de gerenciamento de passivos da companhia, reduzindo as despesas com juros&#8221;, disse a empresa no comunicado.<\/p>\n<p>#noticias #economia #sustentabilidade #dinheiro #economia<br \/>\n<br \/><br \/>\n<br \/><a href=\"https:\/\/exame.abril.com.br\/negocios\/petrobras-faz-pre-pagamento-de-r-27-bi-em-acerto-de-contas-com-petros\/\">Fonte do Artigo <\/a><br \/>\nTags:<br \/>\n#noticias #economia #sustentabilidade #dinheiro #economia #energialimpa #brasil #tecnologia #meioambiente #engenharia #empreendedorismo #energia  #energiasolar #politica #energiasolarfotovoltaica #supermercado #solar #sucesso #financas #finanzas #qualidade #educa #bolsonaro #fotovoltaica #vendas #noticias24<\/p>\n","protected":false},"excerpt":{"rendered":"<p>Rio de Janeiro &#8211; A Petrobras realizou nesta segunda-feira, 12, o pr\u00e9-pagamento de d\u00edvida de 2,7 bilh\u00f5es de reais com o fundo de pens\u00e3o de seus funcion\u00e1rios Petros, cujo vencimento estava previsto para 2028, informou a companhia em comunicado ao mercado. A d\u00edvida \u00e9 resultado de Acordo de Obriga\u00e7\u00f5es Rec\u00edprocas (AOR) que fora celebrado com [&hellip;]<\/p>\n","protected":false},"author":1,"featured_media":25878,"comment_status":"open","ping_status":"open","sticky":false,"template":"","format":"standard","meta":{"footnotes":""},"categories":[1,339],"tags":[],"class_list":["post-25877","post","type-post","status-publish","format-standard","has-post-thumbnail","hentry","category-curso-de-copy","category-negocios"],"_links":{"self":[{"href":"https:\/\/wiy.com.br\/noticias\/wp-json\/wp\/v2\/posts\/25877","targetHints":{"allow":["GET"]}}],"collection":[{"href":"https:\/\/wiy.com.br\/noticias\/wp-json\/wp\/v2\/posts"}],"about":[{"href":"https:\/\/wiy.com.br\/noticias\/wp-json\/wp\/v2\/types\/post"}],"author":[{"embeddable":true,"href":"https:\/\/wiy.com.br\/noticias\/wp-json\/wp\/v2\/users\/1"}],"replies":[{"embeddable":true,"href":"https:\/\/wiy.com.br\/noticias\/wp-json\/wp\/v2\/comments?post=25877"}],"version-history":[{"count":0,"href":"https:\/\/wiy.com.br\/noticias\/wp-json\/wp\/v2\/posts\/25877\/revisions"}],"wp:featuredmedia":[{"embeddable":true,"href":"https:\/\/wiy.com.br\/noticias\/wp-json\/wp\/v2\/media\/25878"}],"wp:attachment":[{"href":"https:\/\/wiy.com.br\/noticias\/wp-json\/wp\/v2\/media?parent=25877"}],"wp:term":[{"taxonomy":"category","embeddable":true,"href":"https:\/\/wiy.com.br\/noticias\/wp-json\/wp\/v2\/categories?post=25877"},{"taxonomy":"post_tag","embeddable":true,"href":"https:\/\/wiy.com.br\/noticias\/wp-json\/wp\/v2\/tags?post=25877"}],"curies":[{"name":"wp","href":"https:\/\/api.w.org\/{rel}","templated":true}]}}