{"id":25796,"date":"2023-02-26T15:18:55","date_gmt":"2023-02-26T18:18:55","guid":{"rendered":"https:\/\/wiy.com.br\/noticias\/bebe-de-tres-meses-morre-em-acidente-na-regis-bittencourt\/"},"modified":"2019-08-11T18:08:49","modified_gmt":"2019-08-11T21:08:49","slug":"bebe-de-tres-meses-morre-em-acidente-na-regis-bittencourt","status":"publish","type":"post","link":"https:\/\/wiy.com.br\/noticias\/bebe-de-tres-meses-morre-em-acidente-na-regis-bittencourt\/","title":{"rendered":"Beb\u00ea de tr\u00eas meses morre em acidente na R\u00e9gis Bittencourt"},"content":{"rendered":"<p> <br \/>\n<\/p>\n<p><span>Um beb\u00ea de tr\u00eas meses morreu na manh\u00e3 deste domingo, 11, na<\/span> Rodovia R\u00e9gis Bittencourt <span>ap\u00f3s uma carreta colidir com uma van que embarcava passageiros. O acidente foi no quil\u00f4metro 335 sentido Paran\u00e1, na altura de Juquitiba (SP).<\/span><\/p>\n<div class=\"n--noticia__content content\">\n<p>De acordo com a pol\u00edcia rodovi\u00e1ria, a carreta fazia uma curva quando invadiu o acostamento e acertou o ve\u00edculo de transporte coletivo, que estava parado no ponto de \u00f4nibus. Quatro pessoas j\u00e1 haviam embarcado e, no momento da acidente, o beb\u00ea estava entrando no ve\u00edculo no colo de uma mulher.<\/p>\n<p>O motorista da carreta n\u00e3o estava sob efeito de \u00e1lcool. &#8220;N\u00e3o se sabe o que pode ter acontecido, se o caminhoneiro se distraiu, se ele dormiu&#8221;, explica Ricardo De Paula, assessor da PRF.<\/p>\n<p>Duas pessoas sofreram ferimentos leves e foram levadas ao Hospital de Juquitiba. O acidente foi registrado no Distrito Policial de Embu das Artes.<\/p>\n<p>Por Estad\u00e3o Conte\u00fado<\/p>\n<p>&nbsp;<\/p>\n<\/div>\n<div class=\"n--noticias__more\"><\/div>\n<p><br \/>\n<br \/><a href=\"https:\/\/vejasp.abril.com.br\/cidades\/bebe-de-tres-meses-morre-em-acidente-com-carreta-na-regis-bittencourt\/\">Fonte do Artigo <\/a><br \/>\nTags:<br \/>\n#loterias #loteriascaixa #megasena #resultadoapostas#noticias #noticiario  #noticia #brasil #noticiascolombia #mundo #esporte #colombia #noticiadeld #ltimasnoticias  #noticiario #noticiasregionales #noticiasdepartamentales #noticiashoy #esportes #noticiaahora #elinformantenoticias #noticiasdeboyac  #esporteinterativo #esportivo #diariodosesportes  #noticiero  #jogodefutebol #jogos #loto #apostas<\/p>\n","protected":false},"excerpt":{"rendered":"<p>Um beb\u00ea de tr\u00eas meses morreu na manh\u00e3 deste domingo, 11, na Rodovia R\u00e9gis Bittencourt ap\u00f3s uma carreta colidir com uma van que embarcava passageiros. O acidente foi no quil\u00f4metro 335 sentido Paran\u00e1, na altura de Juquitiba (SP). De acordo com a pol\u00edcia rodovi\u00e1ria, a carreta fazia uma curva quando invadiu o acostamento e acertou [&hellip;]<\/p>\n","protected":false},"author":1,"featured_media":25797,"comment_status":"open","ping_status":"open","sticky":false,"template":"","format":"standard","meta":{"footnotes":""},"categories":[1],"tags":[],"class_list":["post-25796","post","type-post","status-publish","format-standard","has-post-thumbnail","hentry","category-curso-de-copy"],"_links":{"self":[{"href":"https:\/\/wiy.com.br\/noticias\/wp-json\/wp\/v2\/posts\/25796","targetHints":{"allow":["GET"]}}],"collection":[{"href":"https:\/\/wiy.com.br\/noticias\/wp-json\/wp\/v2\/posts"}],"about":[{"href":"https:\/\/wiy.com.br\/noticias\/wp-json\/wp\/v2\/types\/post"}],"author":[{"embeddable":true,"href":"https:\/\/wiy.com.br\/noticias\/wp-json\/wp\/v2\/users\/1"}],"replies":[{"embeddable":true,"href":"https:\/\/wiy.com.br\/noticias\/wp-json\/wp\/v2\/comments?post=25796"}],"version-history":[{"count":0,"href":"https:\/\/wiy.com.br\/noticias\/wp-json\/wp\/v2\/posts\/25796\/revisions"}],"wp:featuredmedia":[{"embeddable":true,"href":"https:\/\/wiy.com.br\/noticias\/wp-json\/wp\/v2\/media\/25797"}],"wp:attachment":[{"href":"https:\/\/wiy.com.br\/noticias\/wp-json\/wp\/v2\/media?parent=25796"}],"wp:term":[{"taxonomy":"category","embeddable":true,"href":"https:\/\/wiy.com.br\/noticias\/wp-json\/wp\/v2\/categories?post=25796"},{"taxonomy":"post_tag","embeddable":true,"href":"https:\/\/wiy.com.br\/noticias\/wp-json\/wp\/v2\/tags?post=25796"}],"curies":[{"name":"wp","href":"https:\/\/api.w.org\/{rel}","templated":true}]}}