{"id":25557,"date":"2023-02-26T14:55:17","date_gmt":"2023-02-26T17:55:17","guid":{"rendered":"https:\/\/wiy.com.br\/noticias\/rede-dor-faz-acordo-para-comprar-10-das-acoes-da-qualicorp\/"},"modified":"2019-08-08T19:45:11","modified_gmt":"2019-08-08T22:45:11","slug":"rede-dor-faz-acordo-para-comprar-10-das-acoes-da-qualicorp","status":"publish","type":"post","link":"https:\/\/wiy.com.br\/noticias\/rede-dor-faz-acordo-para-comprar-10-das-acoes-da-qualicorp\/","title":{"rendered":"Rede D\u2019Or faz acordo para comprar 10% das a\u00e7\u00f5es da Qualicorp"},"content":{"rendered":"<p> <br \/>\n<\/p>\n<p>S\u00e3o Paulo &#8211; O grupo hospitalar <strong><a href=\"https:\/\/exame.abril.com.br\/noticias-sobre\/rede-dor-sao-luiz\/\" target=\"_blank\" rel=\"noopener noreferrer\">Rede D&#8217;Or S\u00e3o Luiz<\/a><\/strong> assinou contrato nesta quinta-feira, 8, para comprar cerca de 10% das a\u00e7\u00f5es da <strong><a href=\"https:\/\/exame.abril.com.br\/noticias-sobre\/qualicorp\" target=\"_blank\" rel=\"noopener noreferrer\">Qualicorp<\/a><\/strong>, afirmaram as companhias por meio de fato relevante.<\/p>\n<p>A Qualicorp afirmou que as a\u00e7\u00f5es ser\u00e3o compradas do acionista e atual presidente-executivo da companhia, Jos\u00e9 Seripieri Junior. Ele seguir\u00e1 no cargo e como membro do conselho da empresa at\u00e9 o fechamento da opera\u00e7\u00e3o.<\/p>\n<div class=\"widget-news widget-box no-margin no-border\"><span class=\"widget-news-title content-box-title\">Veja tamb\u00e9m<\/span><\/p>\n<ul class=\"widget-news-list\">\n<li class=\"widget-news-item without-thumb with-border\">\n<div class=\"widget-news-info\"><a href=\"http:\/\/exame.abril.com.br\/negocios\">NEG\u00d3CIOS<\/a><span class=\"widget-news-item-title\"><a href=\"https:\/\/exame.abril.com.br\/negocios\/personalizado-e-high-tech-mercado-de-hospitais-de-luxo-cresce-em-sp\/\">Personalizado e high tech, mercado de hospitais de luxo cresce em SP<\/a><\/span><span class=\"widget-news-item-date\">19 maio 2019 &#8211; 14h05<\/span><\/div>\n<\/li>\n<\/ul>\n<\/div>\n<p>Depois, seguir\u00e1 como acionista, com cerca de 10% das a\u00e7\u00f5es.<\/p>\n<p>#noticias #economia #sustentabilidade #dinheiro #economia<br \/>\n<br \/><br \/>\n<br \/><a href=\"https:\/\/exame.abril.com.br\/negocios\/rede-dor-faz-acordo-para-comprar-10-das-acoes-da-qualicorp\/\">Fonte do Artigo <\/a><br \/>\nTags:<br \/>\n#noticias #economia #sustentabilidade #dinheiro #economia #energialimpa #brasil #tecnologia #meioambiente #engenharia #empreendedorismo #energia  #energiasolar #politica #energiasolarfotovoltaica #supermercado #solar #sucesso #financas #finanzas #qualidade #educa #bolsonaro #fotovoltaica #vendas #noticias24<\/p>\n","protected":false},"excerpt":{"rendered":"<p>S\u00e3o Paulo &#8211; O grupo hospitalar Rede D&#8217;Or S\u00e3o Luiz assinou contrato nesta quinta-feira, 8, para comprar cerca de 10% das a\u00e7\u00f5es da Qualicorp, afirmaram as companhias por meio de fato relevante. A Qualicorp afirmou que as a\u00e7\u00f5es ser\u00e3o compradas do acionista e atual presidente-executivo da companhia, Jos\u00e9 Seripieri Junior. Ele seguir\u00e1 no cargo e [&hellip;]<\/p>\n","protected":false},"author":1,"featured_media":20701,"comment_status":"open","ping_status":"open","sticky":false,"template":"","format":"standard","meta":{"footnotes":""},"categories":[1,339],"tags":[],"class_list":["post-25557","post","type-post","status-publish","format-standard","has-post-thumbnail","hentry","category-curso-de-copy","category-negocios"],"_links":{"self":[{"href":"https:\/\/wiy.com.br\/noticias\/wp-json\/wp\/v2\/posts\/25557","targetHints":{"allow":["GET"]}}],"collection":[{"href":"https:\/\/wiy.com.br\/noticias\/wp-json\/wp\/v2\/posts"}],"about":[{"href":"https:\/\/wiy.com.br\/noticias\/wp-json\/wp\/v2\/types\/post"}],"author":[{"embeddable":true,"href":"https:\/\/wiy.com.br\/noticias\/wp-json\/wp\/v2\/users\/1"}],"replies":[{"embeddable":true,"href":"https:\/\/wiy.com.br\/noticias\/wp-json\/wp\/v2\/comments?post=25557"}],"version-history":[{"count":0,"href":"https:\/\/wiy.com.br\/noticias\/wp-json\/wp\/v2\/posts\/25557\/revisions"}],"wp:featuredmedia":[{"embeddable":true,"href":"https:\/\/wiy.com.br\/noticias\/wp-json\/wp\/v2\/media\/20701"}],"wp:attachment":[{"href":"https:\/\/wiy.com.br\/noticias\/wp-json\/wp\/v2\/media?parent=25557"}],"wp:term":[{"taxonomy":"category","embeddable":true,"href":"https:\/\/wiy.com.br\/noticias\/wp-json\/wp\/v2\/categories?post=25557"},{"taxonomy":"post_tag","embeddable":true,"href":"https:\/\/wiy.com.br\/noticias\/wp-json\/wp\/v2\/tags?post=25557"}],"curies":[{"name":"wp","href":"https:\/\/api.w.org\/{rel}","templated":true}]}}