{"id":25556,"date":"2023-02-26T15:17:01","date_gmt":"2023-02-26T18:17:01","guid":{"rendered":"https:\/\/wiy.com.br\/noticias\/bolsonaro-recebe-ex-socio-de-gilmar-mendes-cotado-para-pgr\/"},"modified":"2019-08-08T18:57:10","modified_gmt":"2019-08-08T21:57:10","slug":"bolsonaro-recebe-ex-socio-de-gilmar-mendes-cotado-para-pgr","status":"publish","type":"post","link":"https:\/\/wiy.com.br\/noticias\/bolsonaro-recebe-ex-socio-de-gilmar-mendes-cotado-para-pgr\/","title":{"rendered":"Bolsonaro recebe ex-s\u00f3cio de Gilmar Mendes cotado para PGR"},"content":{"rendered":"<p> <br \/>\n<\/p>\n<p><span>\u00c0s v\u00e9speras de decidir quem comandar\u00e1 a Procuradoria-Geral da Rep\u00fablica (<strong><a href=\"https:\/\/exame.abril.com.br\/noticias-sobre\/pgr-procuradoria-geral-da-republica\/\">PGR<\/a><\/strong>), o presidente <strong><a href=\"https:\/\/exame.abril.com.br\/noticias-sobre\/jair-bolsonaro\">Jair Bolsonaro<\/a><\/strong> (PSL) recebeu em seu gabinete no Pal\u00e1cio do Planalto o subprocurador-geral da Rep\u00fablica Paulo Gonet, cat\u00f3lico, conservador e ex-s\u00f3cio do ministro do Supremo Tribunal Federal (STF), <strong><a href=\"https:\/\/exame.abril.com.br\/noticias-sobre\/gilmar-mendes\">Gilmar Mendes<\/a><\/strong>, no Instituto Brasiliense de Direito P\u00fablico (IDP).<\/span><\/p>\n<p><span>O encontro reservado, fora da agenda, foi articulado pela vice-l\u00edder do governo federal Bia Kicis (PSL\/DF) e foi acompanhado pelo ministro do Tribunal de Contas da Uni\u00e3o (TCU) Walton Alencar Rodrigues e pelo ministro do Gabinete de Seguran\u00e7a Institucional, General Heleno.<\/span><\/p>\n<p><span>Segundo a reportagem apurou, na reuni\u00e3o, Bolsonaro afirmou que pretende trabalhar com um PGR alinhado ao governo, que prestigie o &#8220;interesse p\u00fablico&#8221; e n\u00e3o se deixe desgastar por assuntos como prote\u00e7\u00e3o a ind\u00edgenas ou a grupos ligados a minorias. O presidente tamb\u00e9m disse que n\u00e3o governa sozinho e que a decis\u00e3o sobre novo PGR passar\u00e1 por pessoas do Supremo, Congresso e at\u00e9 TCU.<\/span><\/p>\n<p><span>A subida na cota\u00e7\u00e3o de Paulo Gonet foi informada pelo jornal O Estado de S. Paulo na segunda-feira, 5. Muito bem articulado no Judici\u00e1rio, tem muitos amigos entre autoridades e \u00e9 visto como um homem s\u00e9rio e conservador. Um dos fiadores de sua candidatura &#8211; que \u00e9 informal e n\u00e3o passou pela vota\u00e7\u00e3o entre procuradores na chamada lista tr\u00edplice da categoria &#8211; \u00e9 o ministro do Tribunal Superior do Trabalho (TST), Ives Gandra Filho. &#8220;Ele \u00e9 competente e tem os mesmos valores morais, familiares e crist\u00e3os que Bolsonaro&#8221;, disse Gandra Filho em julho \u00e0 Coluna do Estad\u00e3o.<\/span><\/p>\n<div class=\"widget-news widget-box no-margin no-border\"><span class=\"widget-news-title content-box-title\">Veja tamb\u00e9m<\/span><\/p>\n<ul class=\"widget-news-list\">\n<li class=\"widget-news-item without-thumb with-border\">\n<div class=\"widget-news-info\"><a href=\"http:\/\/exame.abril.com.br\/brasil\">BRASIL<\/a><span class=\"widget-news-item-title\"><a href=\"https:\/\/exame.abril.com.br\/brasil\/aliado-de-bolsonaro-indica-que-lista-triplice-para-pgr-esta-descartada\/\">Aliado de Bolsonaro indica que lista tr\u00edplice para PGR est\u00e1 &#8220;descartada&#8221;<\/a><\/span><span class=\"widget-news-item-date\">6 ago 2019 &#8211; 14h08<\/span><\/div>\n<\/li>\n<li class=\"widget-news-item without-thumb with-border\">\n<div class=\"widget-news-info\"><a href=\"http:\/\/exame.abril.com.br\/brasil\">BRASIL<\/a><span class=\"widget-news-item-title\"><a href=\"https:\/\/exame.abril.com.br\/brasil\/nos-bastidores-ministros-do-stf-pedem-mais-um-mandato-para-raquel-dodge\/\">Nos bastidores, ministros do STF pedem mais um mandato para Raquel Dodge<\/a><\/span><span class=\"widget-news-item-date\">5 ago 2019 &#8211; 08h08<\/span><\/div>\n<\/li>\n<\/ul>\n<\/div>\n<p><span>Gonet \u00e9 amigo de Bia Kicis desde o tempo em que cursaram a Universidade Nacional de Bras\u00edlia (UnB). O subprocurador-geral e o ministro do TCU Walton Rodrigues se aproximam no tempo em que atuavam no Minist\u00e9rio P\u00fablico Federal do Distrito Federal. Ambos o apoiam.<\/span><\/p>\n<p><span>Um dos poucos encontros anteriores de Bolsonaro e Gonet se deu no almo\u00e7o de anivers\u00e1rio de Walton Rodrigues, em abril. Na ocasi\u00e3o, foi servido um tambaqui, trazido do Amazonas por um amigo do ministro.<\/span><\/p>\n<p><span>Ap\u00f3s a reuni\u00e3o com Gonet, o presidente Bolsonaro recebeu o procurador-geral de Justi\u00e7a Militar, Jaime de Cassio Miranda, e o subprocurador-geral de Justi\u00e7a Militar, Marcelo Weitzel Rabello.<\/span><\/p>\n<p><span>Cr\u00edtico \u00e0 lista tr\u00edplice para escolha de PGR, Miranda levou a Bolsonaro, em fevereiro, proposta de &#8220;cis\u00e3o&#8221; do cargo em duas cadeiras. O procurador prop\u00f4s a cria\u00e7\u00e3o de um posto para chefiar o Minist\u00e9rio P\u00fablico da Uni\u00e3o (MPU), que cuidaria de quest\u00f5es or\u00e7ament\u00e1rias e administrativas e seria escolhido em rod\u00edzio, por membros dos diferentes ramos do MP.<\/span><\/p>\n<h3><span>Agenda cheia<\/span><\/h3>\n<p><span>Bolsonaro ainda se reuniu na quarta-feira, 7, com o procurador regional da Rep\u00fablica da 1\u00aa Regi\u00e3o Lauro Cardoso, nome pr\u00f3ximo a militares e quarto colocado na disputa para entrar na lista tr\u00edplice \u00e0 PGR. Os tr\u00eas nomes mais bem votados na categoria, Mario Bonsaglia, Luiza Cristina Frischeisen e Blal Dalloul, n\u00e3o tiveram a oportunidade de se reunir com Bolsonaro.<\/span><\/p>\n<p><span>Procuradores internamente destacam que os \u00faltimos eventos mostram um desprezo do atual presidente da Rep\u00fablica pela lista, que vinha sendo levada em conta na decis\u00e3o dos tr\u00eas \u00faltimos antecessores &#8211; Luiz In\u00e1cio Lula da Silva, Dilma Rousseff e Michel Temer. A atual procuradora-geral, Raquel Dodge, ficou em segundo lugar na lista tr\u00edplice em 2017.<\/span><\/p>\n<p><span>A s\u00e9rie de reuni\u00f5es ocorreu ap\u00f3s Bolsonaro afirmar que deve indicar o futuro PGR at\u00e9 a pr\u00f3xima segunda-feira, 12. O mandato de Dodge se encerra em 17 de setembro. Ainda ontem, o presidente disse ainda que Augusto Aras &#8220;est\u00e1 no radar para a vaga&#8221; e citou a possibilidade de recondu\u00e7\u00e3o da atual PGR.<\/span><\/p>\n<p><span>A reportagem apurou que integrantes do STF fizeram chegar aos ouvidos de Bolsonaro que o procurador Aras n\u00e3o seria a melhor op\u00e7\u00e3o \u00e0 PGR. Duas fontes ouvidas pela reportagem dizem que incomoda a Bolsonaro o apoio de Rodrigo Maia \u00e0 recondu\u00e7\u00e3o de Raquel Dodge.<\/span><\/p>\n<p><span>Bonsaglia e Luiza pediram encontro Bolsonaro, mas ainda n\u00e3o tiveram resposta. Terceiro mais votado da lista, Blal n\u00e3o pediu audi\u00eancia.<\/span><\/p>\n<p><span>As reuni\u00f5es de Bolsonaro soaram para procuradores que acompanham as discuss\u00f5es como o descarte da lista tr\u00edplice para escolha de PGR. H\u00e1 ainda percep\u00e7\u00e3o entre procuradores que Dodge assumiu que est\u00e1 fora da disputa ao votar pelo veto do procurador Ailton Benedito para compor a Comiss\u00e3o Sobre Mortos e Desaparecidos Pol\u00edticos. Conservador, Benedito havia sido indicado pelo governo Bolsonaro ao colegiado.<\/span><\/p>\n<p><br \/>\n<br \/><a href=\"https:\/\/exame.abril.com.br\/brasil\/bolsonaro-recebe-ex-socio-de-gilmar-mendes-cotado-para-pgr\/\">Fonte do artigo <\/a><br \/>\nTags:<br \/>\n#politica #political #negocios #business #marketingdigital #empreendedorismo #marketing #emprendedores #empreender #sucesso #empresas #emprendimiento #emprendedor #empreendedor #emprender #dinheiro #dinero #empresario #vendas #liderazgo #motivacion #foco #motivacao #negocio #brasil<\/p>\n","protected":false},"excerpt":{"rendered":"<p>\u00c0s v\u00e9speras de decidir quem comandar\u00e1 a Procuradoria-Geral da Rep\u00fablica (PGR), o presidente Jair Bolsonaro (PSL) recebeu em seu gabinete no Pal\u00e1cio do Planalto o subprocurador-geral da Rep\u00fablica Paulo Gonet, cat\u00f3lico, conservador e ex-s\u00f3cio do ministro do Supremo Tribunal Federal (STF), Gilmar Mendes, no Instituto Brasiliense de Direito P\u00fablico (IDP). O encontro reservado, fora da [&hellip;]<\/p>\n","protected":false},"author":1,"featured_media":25402,"comment_status":"open","ping_status":"open","sticky":false,"template":"","format":"standard","meta":{"footnotes":""},"categories":[1],"tags":[],"class_list":["post-25556","post","type-post","status-publish","format-standard","has-post-thumbnail","hentry","category-curso-de-copy"],"_links":{"self":[{"href":"https:\/\/wiy.com.br\/noticias\/wp-json\/wp\/v2\/posts\/25556","targetHints":{"allow":["GET"]}}],"collection":[{"href":"https:\/\/wiy.com.br\/noticias\/wp-json\/wp\/v2\/posts"}],"about":[{"href":"https:\/\/wiy.com.br\/noticias\/wp-json\/wp\/v2\/types\/post"}],"author":[{"embeddable":true,"href":"https:\/\/wiy.com.br\/noticias\/wp-json\/wp\/v2\/users\/1"}],"replies":[{"embeddable":true,"href":"https:\/\/wiy.com.br\/noticias\/wp-json\/wp\/v2\/comments?post=25556"}],"version-history":[{"count":0,"href":"https:\/\/wiy.com.br\/noticias\/wp-json\/wp\/v2\/posts\/25556\/revisions"}],"wp:featuredmedia":[{"embeddable":true,"href":"https:\/\/wiy.com.br\/noticias\/wp-json\/wp\/v2\/media\/25402"}],"wp:attachment":[{"href":"https:\/\/wiy.com.br\/noticias\/wp-json\/wp\/v2\/media?parent=25556"}],"wp:term":[{"taxonomy":"category","embeddable":true,"href":"https:\/\/wiy.com.br\/noticias\/wp-json\/wp\/v2\/categories?post=25556"},{"taxonomy":"post_tag","embeddable":true,"href":"https:\/\/wiy.com.br\/noticias\/wp-json\/wp\/v2\/tags?post=25556"}],"curies":[{"name":"wp","href":"https:\/\/api.w.org\/{rel}","templated":true}]}}