{"id":25505,"date":"2023-02-26T15:26:49","date_gmt":"2023-02-26T18:26:49","guid":{"rendered":"https:\/\/wiy.com.br\/noticias\/lideres-evangelicos-pedem-a-bolsonaro-fim-de-multas-da-receita\/"},"modified":"2019-08-08T11:50:15","modified_gmt":"2019-08-08T14:50:15","slug":"lideres-evangelicos-pedem-a-bolsonaro-fim-de-multas-da-receita","status":"publish","type":"post","link":"https:\/\/wiy.com.br\/noticias\/lideres-evangelicos-pedem-a-bolsonaro-fim-de-multas-da-receita\/","title":{"rendered":"L\u00edderes evang\u00e9licos pedem a Bolsonaro fim de multas da Receita"},"content":{"rendered":"<p> <br \/>\n<\/p>\n<p>L\u00edderes evang\u00e9licos articulam para incluir na reforma tribut\u00e1ria uma garantia para que as igrejas n\u00e3o possam mais ser pass\u00edveis de multas aplicadas pela <strong><a href=\"https:\/\/exame.abril.com.br\/noticias-sobre\/receita-federal\/\">Receita Federal<\/a><\/strong>. Hoje as entidades j\u00e1 t\u00eam imunidade tribut\u00e1ria. Ontem, a bancada religiosa refor\u00e7ou o pedido ao presidente <strong><a href=\"https:\/\/exame.abril.com.br\/noticias-sobre\/jair-bolsonaro\/\">Jair Bolsonaro<\/a><\/strong>, que, segundo participantes do encontro, sinalizou que apoiar\u00e1 o que estiver &#8220;dentro da legalidade&#8221;.<\/p>\n<p>Em maio, o secret\u00e1rio da Receita, Marcos Cintra, disse a parlamentares no Planalto que institui\u00e7\u00f5es religiosas pagam, em m\u00e9dia, R$ 40 milh\u00f5es por ano em multas por quest\u00f5es tribut\u00e1rias. Tamb\u00e9m h\u00e1 casos de entidades que perderam o direito \u00e0 isen\u00e7\u00e3o tribut\u00e1ria por n\u00e3o terem atuado plenamente como empresas sem fins lucrativos.<\/p>\n<p>Segundo o deputado S\u00f3stenes Cavalcante (DEM-RJ), as entidades religiosas e filantr\u00f3picas t\u00eam sido alvo de &#8220;multas excessivas&#8221; da Receita por a\u00e7\u00f5es que supostamente representariam lucro. Citou como exemplo pastores que usam jatinhos para se deslocar entre igrejas para fazer &#8220;a\u00e7\u00f5es sociais&#8221;. Houve casos, disse, em que a aeronave foi identificada pela receita como forma de obter lucro.<\/p>\n<p>O porta-voz da Presid\u00eancia, Ot\u00e1vio R\u00eago Barros, afirmou que Bolsonaro &#8220;est\u00e1 aberto \u00e0s demandas desse grupo t\u00e3o especial para a sua elei\u00e7\u00e3o&#8221;. Mais cedo, Bolsonaro descartou a possibilidade de taxar igrejas e defendeu simplificar a presta\u00e7\u00e3o de contas de entidades religiosas.<\/p>\n<p><br \/>\n<br \/><a href=\"https:\/\/exame.abril.com.br\/brasil\/lideres-evangelicos-pedem-a-bolsonaro-fim-de-multas-da-receita\/\">Fonte do artigo <\/a><br \/>\nTags:<br \/>\n#politica #political #negocios #business #marketingdigital #empreendedorismo #marketing #emprendedores #empreender #sucesso #empresas #emprendimiento #emprendedor #empreendedor #emprender #dinheiro #dinero #empresario #vendas #liderazgo #motivacion #foco #motivacao #negocio #brasil<\/p>\n","protected":false},"excerpt":{"rendered":"<p>L\u00edderes evang\u00e9licos articulam para incluir na reforma tribut\u00e1ria uma garantia para que as igrejas n\u00e3o possam mais ser pass\u00edveis de multas aplicadas pela Receita Federal. Hoje as entidades j\u00e1 t\u00eam imunidade tribut\u00e1ria. Ontem, a bancada religiosa refor\u00e7ou o pedido ao presidente Jair Bolsonaro, que, segundo participantes do encontro, sinalizou que apoiar\u00e1 o que estiver &#8220;dentro [&hellip;]<\/p>\n","protected":false},"author":1,"featured_media":25506,"comment_status":"open","ping_status":"open","sticky":false,"template":"","format":"standard","meta":{"footnotes":""},"categories":[1],"tags":[],"class_list":["post-25505","post","type-post","status-publish","format-standard","has-post-thumbnail","hentry","category-curso-de-copy"],"_links":{"self":[{"href":"https:\/\/wiy.com.br\/noticias\/wp-json\/wp\/v2\/posts\/25505","targetHints":{"allow":["GET"]}}],"collection":[{"href":"https:\/\/wiy.com.br\/noticias\/wp-json\/wp\/v2\/posts"}],"about":[{"href":"https:\/\/wiy.com.br\/noticias\/wp-json\/wp\/v2\/types\/post"}],"author":[{"embeddable":true,"href":"https:\/\/wiy.com.br\/noticias\/wp-json\/wp\/v2\/users\/1"}],"replies":[{"embeddable":true,"href":"https:\/\/wiy.com.br\/noticias\/wp-json\/wp\/v2\/comments?post=25505"}],"version-history":[{"count":0,"href":"https:\/\/wiy.com.br\/noticias\/wp-json\/wp\/v2\/posts\/25505\/revisions"}],"wp:featuredmedia":[{"embeddable":true,"href":"https:\/\/wiy.com.br\/noticias\/wp-json\/wp\/v2\/media\/25506"}],"wp:attachment":[{"href":"https:\/\/wiy.com.br\/noticias\/wp-json\/wp\/v2\/media?parent=25505"}],"wp:term":[{"taxonomy":"category","embeddable":true,"href":"https:\/\/wiy.com.br\/noticias\/wp-json\/wp\/v2\/categories?post=25505"},{"taxonomy":"post_tag","embeddable":true,"href":"https:\/\/wiy.com.br\/noticias\/wp-json\/wp\/v2\/tags?post=25505"}],"curies":[{"name":"wp","href":"https:\/\/api.w.org\/{rel}","templated":true}]}}