{"id":25378,"date":"2023-02-26T15:10:29","date_gmt":"2023-02-26T18:10:29","guid":{"rendered":"https:\/\/wiy.com.br\/noticias\/justica-autoriza-transferencia-de-lula-para-sao-paulo\/"},"modified":"2019-08-07T10:25:16","modified_gmt":"2019-08-07T13:25:16","slug":"justica-autoriza-transferencia-de-lula-para-sao-paulo","status":"publish","type":"post","link":"https:\/\/wiy.com.br\/noticias\/justica-autoriza-transferencia-de-lula-para-sao-paulo\/","title":{"rendered":"Justi\u00e7a autoriza transfer\u00eancia de Lula para S\u00e3o Paulo"},"content":{"rendered":"<p> <br \/>\n<\/p>\n<p><span>O ex-presidente Luiz In\u00e1cio Lula da Silva ser\u00e1 transferido para S\u00e3o Paulo. A decis\u00e3o \u00e9 da ju\u00edza Carolina Lebbos, da 12\u00aa Vara Federal de Curitiba, que acolheu pedido da defesa de Lula e autorizou a transfer\u00eancia para estabelecimento localizado no Estado de S\u00e3o Paulo.<\/span><\/p>\n<p><span>Lula est\u00e1 preso na sede da Pol\u00edcia Federal em Curitiba desde 7 de abril de 2018, para cumprimento da pena no processo do triplex do Guaruj\u00e1.<\/span><\/p>\n<div class=\"widget-news widget-box no-margin no-border\"><span class=\"widget-news-title content-box-title\">Veja tamb\u00e9m<\/span><\/p>\n<ul class=\"widget-news-list\">\n<li class=\"widget-news-item without-thumb with-border\">\n<div class=\"widget-news-info\"><a href=\"http:\/\/vejasp.abril.com.br\/cidades\">Cidades<\/a><span class=\"widget-news-item-title\"><a href=\"https:\/\/vejasp.abril.com.br\/cidades\/cumbica-roubo-aeroporto\/\">Pol\u00edcia investiga se ouro roubado de Cumbica seria enviado para a China<\/a><\/span><span class=\"widget-news-item-date\">7 ago 2019 &#8211; 09h08<\/span><\/div>\n<\/li>\n<li class=\"widget-news-item without-thumb with-border\">\n<div class=\"widget-news-info\"><a href=\"http:\/\/vejasp.abril.com.br\/cidades\">Cidades<\/a><span class=\"widget-news-item-title\"><a href=\"https:\/\/vejasp.abril.com.br\/cidades\/corinthians-repudia-acao-policial-a-torcedor-que-criticou-bolsonaro\/\">Corinthians repudia a\u00e7\u00e3o policial a torcedor que criticou Bolsonaro<\/a><\/span><span class=\"widget-news-item-date\">6 ago 2019 &#8211; 15h08<\/span><\/div>\n<\/li>\n<\/ul>\n<\/div>\n<p><br \/>\n<br \/><a href=\"https:\/\/vejasp.abril.com.br\/cidades\/lula-transferencia-sao-paulo\/\">Fonte do Artigo <\/a><br \/>\nTags:<br \/>\n#loterias #loteriascaixa #megasena #resultadoapostas#noticias #noticiario  #noticia #brasil #noticiascolombia #mundo #esporte #colombia #noticiadeld #ltimasnoticias  #noticiario #noticiasregionales #noticiasdepartamentales #noticiashoy #esportes #noticiaahora #elinformantenoticias #noticiasdeboyac  #esporteinterativo #esportivo #diariodosesportes  #noticiero  #jogodefutebol #jogos #loto #apostas<\/p>\n","protected":false},"excerpt":{"rendered":"<p>O ex-presidente Luiz In\u00e1cio Lula da Silva ser\u00e1 transferido para S\u00e3o Paulo. A decis\u00e3o \u00e9 da ju\u00edza Carolina Lebbos, da 12\u00aa Vara Federal de Curitiba, que acolheu pedido da defesa de Lula e autorizou a transfer\u00eancia para estabelecimento localizado no Estado de S\u00e3o Paulo. Lula est\u00e1 preso na sede da Pol\u00edcia Federal em Curitiba desde [&hellip;]<\/p>\n","protected":false},"author":1,"featured_media":2571,"comment_status":"open","ping_status":"open","sticky":false,"template":"","format":"standard","meta":{"footnotes":""},"categories":[1],"tags":[],"class_list":["post-25378","post","type-post","status-publish","format-standard","has-post-thumbnail","hentry","category-curso-de-copy"],"_links":{"self":[{"href":"https:\/\/wiy.com.br\/noticias\/wp-json\/wp\/v2\/posts\/25378","targetHints":{"allow":["GET"]}}],"collection":[{"href":"https:\/\/wiy.com.br\/noticias\/wp-json\/wp\/v2\/posts"}],"about":[{"href":"https:\/\/wiy.com.br\/noticias\/wp-json\/wp\/v2\/types\/post"}],"author":[{"embeddable":true,"href":"https:\/\/wiy.com.br\/noticias\/wp-json\/wp\/v2\/users\/1"}],"replies":[{"embeddable":true,"href":"https:\/\/wiy.com.br\/noticias\/wp-json\/wp\/v2\/comments?post=25378"}],"version-history":[{"count":0,"href":"https:\/\/wiy.com.br\/noticias\/wp-json\/wp\/v2\/posts\/25378\/revisions"}],"wp:featuredmedia":[{"embeddable":true,"href":"https:\/\/wiy.com.br\/noticias\/wp-json\/wp\/v2\/media\/2571"}],"wp:attachment":[{"href":"https:\/\/wiy.com.br\/noticias\/wp-json\/wp\/v2\/media?parent=25378"}],"wp:term":[{"taxonomy":"category","embeddable":true,"href":"https:\/\/wiy.com.br\/noticias\/wp-json\/wp\/v2\/categories?post=25378"},{"taxonomy":"post_tag","embeddable":true,"href":"https:\/\/wiy.com.br\/noticias\/wp-json\/wp\/v2\/tags?post=25378"}],"curies":[{"name":"wp","href":"https:\/\/api.w.org\/{rel}","templated":true}]}}