{"id":25327,"date":"2023-02-26T14:52:52","date_gmt":"2023-02-26T17:52:52","guid":{"rendered":"https:\/\/wiy.com.br\/noticias\/dona-de-raia-e-drogasil-tem-alta-de-13-no-lucro-do-2o-tri\/"},"modified":"2019-08-06T23:01:15","modified_gmt":"2019-08-07T02:01:15","slug":"dona-de-raia-e-drogasil-tem-alta-de-13-no-lucro-do-2o-tri","status":"publish","type":"post","link":"https:\/\/wiy.com.br\/noticias\/dona-de-raia-e-drogasil-tem-alta-de-13-no-lucro-do-2o-tri\/","title":{"rendered":"Dona de Raia e Drogasil tem alta de 13% no lucro do 2\u00ba tri"},"content":{"rendered":"<p> <br \/>\n<\/p>\n<p>S\u00e3o Paulo &#8211; A <strong><a href=\"https:\/\/exame.abril.com.br\/noticias-sobre\/raiadrogasil\/\" target=\"_blank\" rel=\"noopener noreferrer\">RD<\/a><\/strong>, dona das redes de drogarias Raia e Drogasil, anunciou nesta ter\u00e7a-feira, 6, que teve <strong><a href=\"https:\/\/exame.abril.com.br\/noticias-sobre\/lucro\" target=\"_blank\" rel=\"noopener noreferrer\">lucro<\/a><\/strong> ajustado de 160,5 milh\u00f5es de reais, um aumento de 13,2% ante mesma etapa do ano passado.<\/p>\n<p>O n\u00famero veio pouco acima da previs\u00e3o m\u00e9dia de analistas consultados pela Refinitiv, de 144,8 milh\u00f5es de reais.<\/p>\n<p>Em termos l\u00edquidos, o lucro da RD foi de 151,3 milh\u00f5es de reais de abril a junho, ante 137,7 milh\u00f5es um ano antes.<\/p>\n<p>#noticias #economia #sustentabilidade #dinheiro #economia<br \/>\n<br \/><br \/>\n<br \/><a href=\"https:\/\/exame.abril.com.br\/negocios\/dona-de-raia-e-drogasil-tem-alta-de-13-no-lucro-do-2o-tri\/\">Fonte do Artigo <\/a><br \/>\nTags:<br \/>\n#noticias #economia #sustentabilidade #dinheiro #economia #energialimpa #brasil #tecnologia #meioambiente #engenharia #empreendedorismo #energia  #energiasolar #politica #energiasolarfotovoltaica #supermercado #solar #sucesso #financas #finanzas #qualidade #educa #bolsonaro #fotovoltaica #vendas #noticias24<\/p>\n","protected":false},"excerpt":{"rendered":"<p>S\u00e3o Paulo &#8211; A RD, dona das redes de drogarias Raia e Drogasil, anunciou nesta ter\u00e7a-feira, 6, que teve lucro ajustado de 160,5 milh\u00f5es de reais, um aumento de 13,2% ante mesma etapa do ano passado. O n\u00famero veio pouco acima da previs\u00e3o m\u00e9dia de analistas consultados pela Refinitiv, de 144,8 milh\u00f5es de reais. Em [&hellip;]<\/p>\n","protected":false},"author":1,"featured_media":25328,"comment_status":"open","ping_status":"open","sticky":false,"template":"","format":"standard","meta":{"footnotes":""},"categories":[1,339],"tags":[],"class_list":["post-25327","post","type-post","status-publish","format-standard","has-post-thumbnail","hentry","category-curso-de-copy","category-negocios"],"_links":{"self":[{"href":"https:\/\/wiy.com.br\/noticias\/wp-json\/wp\/v2\/posts\/25327","targetHints":{"allow":["GET"]}}],"collection":[{"href":"https:\/\/wiy.com.br\/noticias\/wp-json\/wp\/v2\/posts"}],"about":[{"href":"https:\/\/wiy.com.br\/noticias\/wp-json\/wp\/v2\/types\/post"}],"author":[{"embeddable":true,"href":"https:\/\/wiy.com.br\/noticias\/wp-json\/wp\/v2\/users\/1"}],"replies":[{"embeddable":true,"href":"https:\/\/wiy.com.br\/noticias\/wp-json\/wp\/v2\/comments?post=25327"}],"version-history":[{"count":0,"href":"https:\/\/wiy.com.br\/noticias\/wp-json\/wp\/v2\/posts\/25327\/revisions"}],"wp:featuredmedia":[{"embeddable":true,"href":"https:\/\/wiy.com.br\/noticias\/wp-json\/wp\/v2\/media\/25328"}],"wp:attachment":[{"href":"https:\/\/wiy.com.br\/noticias\/wp-json\/wp\/v2\/media?parent=25327"}],"wp:term":[{"taxonomy":"category","embeddable":true,"href":"https:\/\/wiy.com.br\/noticias\/wp-json\/wp\/v2\/categories?post=25327"},{"taxonomy":"post_tag","embeddable":true,"href":"https:\/\/wiy.com.br\/noticias\/wp-json\/wp\/v2\/tags?post=25327"}],"curies":[{"name":"wp","href":"https:\/\/api.w.org\/{rel}","templated":true}]}}