{"id":25299,"date":"2023-02-26T14:58:31","date_gmt":"2023-02-26T17:58:31","guid":{"rendered":"https:\/\/wiy.com.br\/noticias\/e-falso-que-conad-era-aparelhado-atas-comprovam-a-diversidade-de-opinioes\/"},"modified":"2019-08-06T18:07:09","modified_gmt":"2019-08-06T21:07:09","slug":"e-falso-que-conad-era-aparelhado-atas-comprovam-a-diversidade-de-opinioes","status":"publish","type":"post","link":"https:\/\/wiy.com.br\/noticias\/e-falso-que-conad-era-aparelhado-atas-comprovam-a-diversidade-de-opinioes\/","title":{"rendered":"\u00c9 falso que Conad era aparelhado; atas comprovam a diversidade de opini\u00f5es"},"content":{"rendered":"<p> <br \/>\n<\/p>\n<p>S\u00e3o Paulo \u2014 Diferentemente do que afirma postagem que viralizou nas redes sociais, o <strong>Conselho Nacional de Pol\u00edtica sobre Drogas (Conad)<\/strong> n\u00e3o era aparelhado por membros da sociedade civil. A an\u00e1lise das atas e registros das reuni\u00f5es de 2006 a 2018 mostra que seus integrantes apresentavam opini\u00f5es diversas sobre diferentes pontos da <strong><a href=\"https:\/\/exame.abril.com.br\/noticias-sobre\/drogas\">pol\u00edtica de drogas<\/a><\/strong>.<\/p>\n<p>No texto viralizado, consta que \u201cos chamados \u2018especialistas\u2019 e grupos da \u2018sociedade\u2019, que aparelhavam o Conad (Conselho Nacional de Pol\u00edtica sobre Drogas), foram dissolvidos pelo governo Bolsonaro.\u201d Ele ainda afirma que esse aparelhamento contava com \u201cm\u00e9dicos, juristas, psic\u00f3logos, cientistas e antrop\u00f3logos\u201d.<\/p>\n<h3>Como verificamos<\/h3>\n<p>Para verificar se existia aparelhamento no Conad, o <a href=\"https:\/\/projetocomprova.com.br\/publica%C3%A7%C3%B5es\/e-falso-que-conselho-de-politicas-de-drogas-era-aparelhado-atas-comprovam-a-diversidade-de-opinioes\/\" target=\"_blank\" rel=\"noopener noreferrer\">Comprova leu e analisou mais de 30 atas e registros das reuni\u00f5es realizadas de 2006 a 2018.<\/a> Tamb\u00e9m foram consultadas as resolu\u00e7\u00f5es do conselho e seu<span>\u00a0<\/span><a href=\"https:\/\/www.justica.gov.br\/sua-protecao\/politicas-sobre-drogas\/conad\/anexos\/portaria-no-473-regimento-interno.pdf\">regimento<\/a>. Al\u00e9m disso, os verificadores solicitaram posicionamentos oficiais dos representantes das categorias profissionais e do terceiro setor e entrevistaram alguns dos ex-conselheiros. [Os links para esses documentos est\u00e3o no final deste post].<\/p>\n<p>Segundo a postagem, \u201cas pol\u00edticas dos governos passados apoiavam \u2013 e ainda apoiam \u2014 a libera\u00e7\u00e3o e o consumo das drogas no Brasil\u201d. De fato, as atas mostram que havia membros do Conad que defendiam a descriminaliza\u00e7\u00e3o das drogas, no entanto, a posi\u00e7\u00e3o n\u00e3o era majorit\u00e1ria nem chegou a ser tema de vota\u00e7\u00e3o no conselho em todo per\u00edodo analisado.<\/p>\n<p>Desde 2006, ap\u00f3s um decreto do governo Lula, o Conad passou a ter 27 cadeiras, das quais 13 foram destinadas a representantes da sociedade civil \u2014 oito privativas de determinados grupos e conselhos profissionais e quatro que eram indicadas pelo governo para mandatos de dois anos.<\/p>\n<p>Em 22 de julho de 2019, o atual presidente Jair Bolsonaro assinou o<span>\u00a0<\/span><a href=\"http:\/\/www.planalto.gov.br\/ccivil_03\/_ato2019-2022\/2019\/decreto\/D9926.htm\">decreto n\u00ba 9.926<\/a>, que reduziu a participa\u00e7\u00e3o de representantes da sociedade civil no Conad.<\/p>\n<h3>Qual era posi\u00e7\u00e3o da sociedade civil em rela\u00e7\u00e3o \u00e0 descriminaliza\u00e7\u00e3o das drogas<\/h3>\n<p>Dentre os oito grupos que possu\u00edam cadeiras fixas no Conad, dois (o Conselho Federal de Servi\u00e7o Social e a Uni\u00e3o Nacional dos Estudantes) se posicionam abertamente a favor da descriminaliza\u00e7\u00e3o das drogas. Apenas um deles se declarou abertamente contra: o Conselho Federal de Medicina (CFM).<\/p>\n<p>Em resposta ao Comprova, a Ordem dos Advogados do Brasil (OAB) e o Conselho Federal de Enfermagem (CFE) afirmaram em nota n\u00e3o ter posicionamento consolidado sobre o tema. Pela an\u00e1lise das atas, n\u00e3o foi identificado posicionamento das entidades quanto \u00e0 descriminaliza\u00e7\u00e3o.<\/p>\n<p>O Conselho Federal de Psicologia (CFP), o Conselho Nacional de Educa\u00e7\u00e3o (CNE) e a Sociedade Brasileira para o Progresso da Ci\u00eancia (SBPC) tampouco se posicionaram abertamente quanto ao tema nas reuni\u00f5es. O Comprova entrou em contato com as tr\u00eas organiza\u00e7\u00f5es repetidas vezes, no entanto, at\u00e9 a publica\u00e7\u00e3o desta reportagem, o CFP n\u00e3o respondeu \u00e0 pergunta quanto \u00e0 descriminaliza\u00e7\u00e3o e n\u00e3o houve retorno da CNE e da SBPC.<\/p>\n<p>Apesar de n\u00e3o se manifestarem quanto \u00e0 descriminaliza\u00e7\u00e3o, em reuni\u00e3o de 2009, o representante da SBPC Elisaldo Luiz de Ara\u00fajo Carlini defendeu o uso medicinal da cannabis e, em setembro de 2015, o representante do CFP prop\u00f4s este tema para discuss\u00e3o.<\/p>\n<p>Conforme consta em ata de 15 maio de 2012, a secret\u00e1ria-executiva do Conad \u00e0 \u00e9poca sugeriu a cria\u00e7\u00e3o de um grupo de trabalho para discutir o tema. Na ocasi\u00e3o, o ent\u00e3o representante da Pol\u00edcia Federal no Conselho disse que n\u00e3o julgava interessante participar do GT, devido ao posicionamento da PF quanto ao tema. \u201cAcho que fica mais tranquilo a discuss\u00e3o sem a nossa presen\u00e7a, vamos colocar assim. Tudo bem?\u201d<\/p>\n<p>Em resposta, o ent\u00e3o representante do Conselho Federal de Medicina afirmou que, independentemente da posi\u00e7\u00e3o, a participa\u00e7\u00e3o do \u00f3rg\u00e3o era importante. \u201cO trabalho consiste na discuss\u00e3o de vieses e dos cen\u00e1rios poss\u00edveis\u201d, disse.<\/p>\n<div class=\"widget-news widget-box no-margin no-border\"><span class=\"widget-news-title content-box-title\">Veja tamb\u00e9m<\/span><\/p>\n<ul class=\"widget-news-list\">\n<li class=\"widget-news-item without-thumb with-border\">\n<div class=\"widget-news-info\"><a href=\"http:\/\/exame.abril.com.br\/brasil\">BRASIL<\/a><span class=\"widget-news-item-title\"><a href=\"https:\/\/exame.abril.com.br\/brasil\/bolsonaro-reduz-de-13-para-2-vagas-da-sociedade-em-conselho-sobre-drogas\/\">Bolsonaro reduz de 13 para 2 vagas da sociedade em conselho sobre drogas<\/a><\/span><span class=\"widget-news-item-date\">22 jul 2019 &#8211; 14h07<\/span><\/div>\n<\/li>\n<\/ul>\n<\/div>\n<p>Nessa mesma reuni\u00e3o, o m\u00e9dico ainda questionou o conte\u00fado de gibis feitos pela Secretaria Nacional de Pol\u00edticas sobre Drogas (Senad). De acordo com a ata, o m\u00e9dico afirmou que existia \u201canu\u00eancia para a libera\u00e7\u00e3o da maconha e a \u2018sataniza\u00e7\u00e3o\u2019 do crack\u201d no encarte. A secret\u00e1ria respondeu que o Senad possu\u00eda materiais espec\u00edficos a respeito da maconha.<\/p>\n<p>Entre os representantes do meio art\u00edstico o \u00fanico que chegou a se pronunciar a respeito do tema foi o ator Marcos Frota, que, em reuni\u00e3o em 28 de agosto de 2012, registrou ser contra a libera\u00e7\u00e3o das drogas.<\/p>\n<p>Como os representantes da sociedade civil eram renovados ao longo do tempo, o Comprova entrou em contato apenas com os membros que faziam parte do conselho neste ano e foram exclu\u00eddos pelo decreto de Bolsonaro.<\/p>\n<h3>Quais foram as decis\u00f5es do Conad desde 2006<\/h3>\n<p>Ao todo, o Conad teve tr\u00eas resolu\u00e7\u00f5es oficiais desde 2006. A primeira delas, no entanto, n\u00e3o passou pelo crivo dos representantes da sociedade civil.<\/p>\n<p>Apesar de ter sido publicada oficialmente em 2010, a decis\u00e3o do Conad favor\u00e1vel ao<span>\u00a0<\/span><a href=\"https:\/\/www.normasbrasil.com.br\/norma\/resolucao-1-2010_113527.html\">uso da Ayahuasca para fins religiosos<\/a><span>\u00a0<\/span>foi tema de vota\u00e7\u00e3o no conselho em 6 de dezembro de 2006. Antes, portanto, da primeira reuni\u00e3o em que a sociedade civil passou a fazer parte da composi\u00e7\u00e3o do Conad, em 27 de junho de 2007.<\/p>\n<p><strong>Comunidades terap\u00eauticas<\/strong><\/p>\n<p>A segunda resolu\u00e7\u00e3o do Conad, publicada em 2015,<span>\u00a0<\/span><a href=\"https:\/\/www.justica.gov.br\/sua-protecao\/politicas-sobre-drogas\/backup-senad\/comunidades-terapeuticas\/anexos\/conad_01_2015.pdf\">trata do marco regulat\u00f3rio das comunidades terap\u00eauticas<\/a>, categoria de organiza\u00e7\u00e3o que trata depend\u00eancia qu\u00edmica e que passou a constar na Pol\u00edtica Nacional de Drogas no governo Bolsonaro. A quest\u00e3o foi tema de diversas reuni\u00f5es do Conad.<\/p>\n<p><a href=\"https:\/\/www.nexojornal.com.br\/expresso\/2019\/05\/16\/Como-as-comunidades-terap%C3%AAuticas-ganham-for%C3%A7a-no-Brasil\">Comunidades terap\u00eauticas<\/a><span>\u00a0<\/span>s\u00e3o entidades privadas sem fins lucrativos. Elas se diferenciam de outros servi\u00e7os de atendimento a pessoas nessas condi\u00e7\u00f5es por promoverem terapias que incluem trabalho e pr\u00e1ticas religiosas, como rezas. As comunidades terap\u00eauticas t\u00eam a meta de fazer com que o usu\u00e1rio problem\u00e1tico de drogas se torne abst\u00eamio e se reintegre socialmente.<\/p>\n<p>Ao mesmo tempo em que o Conad contava com representantes da sociedade civil, como o Conselho Federal de Psicologia (CFP) e o Conselho Federal de Servi\u00e7o Social (CFESS), que se colocaram repetidamente contra a transfer\u00eancia de recursos p\u00fablicos para essas institui\u00e7\u00f5es, as duas cadeiras reservadas ao terceiro setor foram majoritariamente ocupadas por pessoas ligadas a organiza\u00e7\u00f5es de comunidades terap\u00eauticas.<\/p>\n<p>Exemplos disso s\u00e3o a Fazenda da Esperan\u00e7a, o Conselho Estadual de Comunidades Terap\u00eauticas, a Federa\u00e7\u00e3o Brasileira de Comunidades Terap\u00eauticas (Febract) e a Confedera\u00e7\u00e3o Nacional de Comunidades Terap\u00eauticas (Confenact).<\/p>\n<p>Durante os doze anos de trabalho do Conad, tamb\u00e9m ocuparam as cadeiras do terceiro setor organiza\u00e7\u00f5es como o Sesi, o Sindicato dos Psic\u00f3logos de SP e a ONG Lua Nova.<\/p>\n<p>Em mar\u00e7o de 2014, foi constitu\u00eddo um Grupo de Trabalho (GT) para discutir a regulamenta\u00e7\u00e3o das comunidades terap\u00eauticas. Ap\u00f3s quase um ano de debates e duas audi\u00eancias p\u00fablicas, a resolu\u00e7\u00e3o foi aprovada, com absten\u00e7\u00e3o do representante do Minist\u00e9rio da Sa\u00fade. N\u00e3o consta em ata quem votou a favor e quem votou contra a proposta.<\/p>\n<p>Em 2016, a resolu\u00e7\u00e3o foi questionada na Justi\u00e7a pelo Minist\u00e9rio P\u00fablico Federal (MPF) e revogada pelo pr\u00f3prio Conad. Isso porque, para o MPF, a decis\u00e3o alterava a pol\u00edtica de sa\u00fade, algo que n\u00e3o era da compet\u00eancia do conselho. J\u00e1 no governo Temer, em 2018, ap\u00f3s a Uni\u00e3o recorrer da decis\u00e3o da justi\u00e7a e conseguir uma senten\u00e7a favor\u00e1vel, a resolu\u00e7\u00e3o voltou a valer.<\/p>\n<p><strong>Pol\u00edtica de abstin\u00eancia<\/strong><\/p>\n<p>Ao longo dos doze anos de atas analisadas, foram identificadas discuss\u00f5es sobre pol\u00edticas de abstin\u00eancia em contraposi\u00e7\u00e3o \u00e0 pol\u00edtica de redu\u00e7\u00e3o de danos, que era defendida nos governos Lula e Dilma.<\/p>\n<p>Ao contr\u00e1rio da abstin\u00eancia, tratamentos que utilizam<span>\u00a0<\/span><a href=\"https:\/\/www1.folha.uol.com.br\/cotidiano\/2019\/06\/politicas-para-drogas-tem-foco-excessivo-em-internacoes-e-abstinencia.shtml\">pol\u00edtica de redu\u00e7\u00e3o de danos<\/a><span>\u00a0<\/span>n\u00e3o exigem necessariamente que os dependentes abandonem por completo o uso de drogas.<\/p>\n<p>A terceira e \u00faltima resolu\u00e7\u00e3o do Conad, aprovada em mar\u00e7o de 2018, antecipou parte das mudan\u00e7as institu\u00eddas em 2019 pela nova Pol\u00edtica Nacional de Drogas. Esta resolu\u00e7\u00e3o se baseou no<span>\u00a0<\/span><a href=\"https:\/\/www25.senado.leg.br\/web\/atividade\/materias\/-\/materia\/113035\">Projeto de Lei 37<\/a><span>\u00a0<\/span>apresentado em 2013 por Osmar Terra, na \u00e9poca deputado federal.<\/p>\n<p><a href=\"https:\/\/justica.gov.br\/news\/politicas-sobre-drogas-dara-guinada-rumo-a-abstinencia\">Segundo not\u00edcia publicada na \u00e9poca, no site do Minist\u00e9rio da Justi\u00e7a,<\/a><span>\u00a0<\/span>o texto aprovado consolidou uma guinada na pol\u00edtica da abstin\u00eancia no Brasil. \u201cA orienta\u00e7\u00e3o central da Pol\u00edtica Nacional sobre Drogas deve considerar aspectos legais, culturais e cient\u00edficos, em especial a posi\u00e7\u00e3o majoritariamente contr\u00e1ria da popula\u00e7\u00e3o brasileira quanto a iniciativas de legaliza\u00e7\u00e3o de drogas\u201d, diz um trecho da resolu\u00e7\u00e3o.<\/p>\n<p>De acordo com os registros, as categorias dos psic\u00f3logos, assistentes sociais e antrop\u00f3logos se manifestaram repetidamente como sendo contr\u00e1rias a pol\u00edticas de abstin\u00eancia. Em reuni\u00e3o de agosto de 2012, o representante do Conselho Federal de Psicologia afirmou que \u201cpropostas de tratamento para qualquer tipo de droga, voltadas \u00e0 abstin\u00eancia como \u00fanica possibilidade, est\u00e3o fadadas ao fracasso\u201d.<\/p>\n<p>Ao mesmo tempo, representantes de comunidades terap\u00eauticas, assim como m\u00e9dicos, no geral, se colocavam contra a redu\u00e7\u00e3o de danos. O ent\u00e3o representante do Conselho Federal de Medicina (CFM) afirmou em reuni\u00e3o de setembro de 2010 que alguns aspectos dessa pol\u00edtica n\u00e3o atendiam \u00e0 necessidade de se fazer uma repress\u00e3o efetiva \u00e0s drogas. \u201cMuitas vezes a impress\u00e3o \u00e9 de que h\u00e1 um consentimento social, uma toler\u00e2ncia para o consumo das subst\u00e2ncias il\u00edcitas\u201d, disse.<\/p>\n<p>Conforme consta em registro de reuni\u00e3o em outubro de 2016, ap\u00f3s cr\u00edticas ao marco regulat\u00f3rio aprovado pelo Conad, o ent\u00e3o representante da Confedera\u00e7\u00e3o Nacional de Comunidades Terap\u00eauticas (Confenact), Egon Schl\u00fcter, afirmou: \u201cn\u00e3o consta a palavra abstin\u00eancia na resolu\u00e7\u00e3o, n\u00f3s lutamos pelo direito de a pessoa dependente escolher. O nosso atendimento \u00e9 volunt\u00e1rio e a qualquer momento ela pode desistir\u201d. Como explicou em entrevista ao Comprova, a Confenact \u00e9 favor\u00e1vel \u00e0 pol\u00edtica de abstin\u00eancia como objetivo final do tratamento e, \u00e0 redu\u00e7\u00e3o de danos apenas como meio de levar a pessoa ao tratamento.<\/p>\n<p>O texto falso foi publicado pelo site Jornal da Cidade Online e, conforme dados do plugin Crowdtangle do Facebook, teve at\u00e9 a data de 6 agosto mais de 5,9 mil curtidas e 1,8 mil compartilhamentos na rede social. O material foi compartilhado por p\u00e1ginas como Direita S\u00e3o Paulo e Bolsonaro News BR.<\/p>\n<h3>Contexto<\/h3>\n<p>O decreto que reduziu a participa\u00e7\u00e3o da sociedade civil no Conad foi publicado um m\u00eas depois da aprova\u00e7\u00e3o pelo Senado de projeto que promoveu altera\u00e7\u00f5es na pol\u00edtica nacional de drogas.<\/p>\n<p>Entre as mudan\u00e7as est\u00e3o a incorpora\u00e7\u00e3o das comunidades terap\u00eauticas ao Sistema Nacional de Pol\u00edticas P\u00fablicas sobre Drogas (Sisnad) e a volta da abstin\u00eancia como objetivo do tratamento da depend\u00eancia qu\u00edmica. O projeto \u00e9 de 2013 e de autoria do ex-deputado federal e atual ministro da Cidadania, Osmar Terra.<\/p>\n<p>Ao longo dos anos, os representantes do Conad debateram in\u00fameras vezes sobre a regulamenta\u00e7\u00e3o das comunidades terap\u00eauticas e tamb\u00e9m sobre as pol\u00edticas de redu\u00e7\u00e3o de danos e de abstin\u00eancia. Como o Comprova verificou, n\u00e3o havia consenso entre os conselheiros nesses temas.<\/p>\n<p>Em 2016, Osmar Terra passou a representar o Minist\u00e9rio do Desenvolvimento Social e Agr\u00e1rio no Conad e, conforme consta em ata, fez cr\u00edticas \u00e0 pol\u00edtica de drogas ent\u00e3o em vigor: \u201cO problema nosso \u00e9 que a nossa lei \u00e9 uma lei mal feita, ela \u00e9 uma lei de ideias liberais\u201d.<\/p>\n<p>Figura-chave para aprova\u00e7\u00e3o da resolu\u00e7\u00e3o do Conad de 2018, que j\u00e1 definia a pol\u00edtica de abstin\u00eancia como prioridade antes de ela se tornar lei, foi ele quem apresentou o texto da resolu\u00e7\u00e3o ao Conselho e reiterou, in\u00fameras vezes, a urg\u00eancia de delibera\u00e7\u00e3o. \u201cPrecisamos dar uma resposta \u00e0 sociedade, n\u00e3o podemos mais adiar essa decis\u00e3o, temos que avan\u00e7ar, dar um passo adiante\u201d, afirmou, segundo consta em ata.<\/p>\n<p>Em reuni\u00e3o em 1\u00ba de fevereiro de 2018, parte dos representantes da sociedade civil se colocou contra a vota\u00e7\u00e3o da proposta. A representante do CFESS defendeu realiza\u00e7\u00e3o de audi\u00eancias e consultas p\u00fablicas para debater o tema com a popula\u00e7\u00e3o. A SBPC e a CNE alertaram para aus\u00eancia de mecanismos para aprimorar a pol\u00edtica de drogas que envolvessem \u00e1reas da educa\u00e7\u00e3o. As organiza\u00e7\u00f5es criticaram, ainda, a falta de pesquisas para embasar as discuss\u00f5es da proposta. J\u00e1 a Confenact defendeu que a vota\u00e7\u00e3o n\u00e3o fosse interrompida, uma vez que o conte\u00fado da proposta j\u00e1 havia sido divulgado.<\/p>\n<p>Ap\u00f3s um pedido coletivo de vista, o Conad adiou a vota\u00e7\u00e3o, que foi realizada em 1\u00ba de mar\u00e7o de 2018. A resolu\u00e7\u00e3o foi aprovada por 16 votos a favor e quatro contra. Desde ent\u00e3o, o Conad s\u00f3 se reuniu uma vez, em junho de 2018.<\/p>\n<h3><strong>Categorias da sociedade civil que deixaram de fazer parte do Conad<\/strong><\/h3>\n<p><strong>Conselhos com direito a indicar um representante:<\/strong><\/p>\n<ul>\n<li><a href=\"https:\/\/projetocomprova.com.br\/wp-content\/uploads\/2019\/08\/Resposta_assessoria_OAB.png\">Ordem dos Advogados do Brasil<\/a><span>\u00a0<\/span>(OAB)<\/li>\n<li><a href=\"https:\/\/projetocomprova.com.br\/wp-content\/uploads\/2019\/08\/Resposta_assessoria_CFM.png\">Conselho Federal de Medicina<\/a><span>\u00a0<\/span>(CFM)<\/li>\n<li><a href=\"https:\/\/projetocomprova.com.br\/wp-content\/uploads\/2019\/08\/Resposta_assessoria_CFP.png\">Conselho Federal de Psicologia<\/a><span>\u00a0<\/span>(CFP)<\/li>\n<li>Conselho Federal de Servi\u00e7o Social (CFESS)<\/li>\n<li>Conselho Federal de Enfermagem (COFEN)<\/li>\n<li><a href=\"https:\/\/projetocomprova.com.br\/wp-content\/uploads\/2019\/08\/cne2.jpg\">Conselho Nacional de Educa\u00e7\u00e3o<\/a><span>\u00a0<\/span>(CNE)<\/li>\n<li><a href=\"https:\/\/projetocomprova.com.br\/wp-content\/uploads\/2019\/08\/SBPC.jpg\">Sociedade Brasileira para o Progresso da Ci\u00eancia<\/a><span>\u00a0<\/span>(SBPC)<\/li>\n<li>Uni\u00e3o Nacional dos Estudantes (UNE)<\/li>\n<\/ul>\n<p><strong>Representantes indicados pelo pr\u00f3prio Governo (mandato de dois anos)<\/strong><\/p>\n<ul>\n<li>2 representantes do terceiro setor<\/li>\n<li>representante do meio art\u00edstico<\/li>\n<li>representante da imprensa<\/li>\n<li>antrop\u00f3logo<\/li>\n<\/ul>\n<p><strong>Onde acessar as atas das reuni\u00f5es:<\/strong><\/p>\n<ul>\n<li>2006 a 2011 \u2013 no site da<span>\u00a0<\/span><a href=\"http:\/\/www.consultaesic.cgu.gov.br\/busca\/dados\/Lists\/Pedido\/Item\/displayifs.aspx?List=0c839f31%2D47d7%2D4485%2Dab65%2Dab0cee9cf8fe&amp;ID=448015&amp;Web=88cc5f44%2D8cfe%2D4964%2D8ff4%2D376b5ebb3bef\">Controladoria Geral da Uni\u00e3o (CGU)<\/a><\/li>\n<li>2011; 2012; 2017 e 2018 \u2013 no site do<span>\u00a0<\/span><a href=\"https:\/\/www.justica.gov.br\/sua-protecao\/politicas-sobre-drogas\/conad\/atas\">Minist\u00e9rio da Justi\u00e7a<\/a><\/li>\n<li>2013 a 2016 \u2013<span>\u00a0<\/span><a href=\"https:\/\/projetocomprova.com.br\/wp-content\/uploads\/2019\/08\/Atas-2013-a-2018.zip\">disponibilizadas ao Comprova pela assessoria de imprensa do MJ<\/a><span>\u00a0<\/span>(.zip)<a href=\"https:\/\/www1.folha.uol.com.br\/cotidiano\/2019\/05\/senado-aprova-projeto-que-altera-politica-nacional-de-drogas.shtml\"><\/a><\/li>\n<\/ul>\n<p>*<em>A checagem acima, investigada por EXAME, Folha de S.Paulo e Poder360, foi publicada pelo <a href=\"https:\/\/politica.estadao.com.br\/blogs\/estadao-verifica\/projeto-comprova-tera-nova-edicao-para-combater-desinformacao-sobre-politicas-publicas\/\" target=\"_blank\" rel=\"noopener noreferrer\"><strong>Projeto Comprova,<\/strong><\/a> u<\/em><em>ma coaliz\u00e3o de 24 ve\u00edculos de m\u00eddia, incluindo <strong>EXAME, <\/strong>formada com o objetivo de combater a desinforma\u00e7\u00e3o sobre pol\u00edticas p\u00fablicas federais. Voc\u00ea pode sugerir checagens por meio do n\u00famero de WhatsApp <strong>(11) 97795-0022.<\/strong><\/em><\/p>\n<p><br \/>\n<br \/><a href=\"https:\/\/exame.abril.com.br\/brasil\/e-falso-que-conad-era-aparelhado-atas-comprovam-a-diversidade-de-opinioes\/\">Fonte do artigo <\/a><br \/>\nTags:<br \/>\n#politica #political #negocios #business #marketingdigital #empreendedorismo #marketing #emprendedores #empreender #sucesso #empresas #emprendimiento #emprendedor #empreendedor #emprender #dinheiro #dinero #empresario #vendas #liderazgo #motivacion #foco #motivacao #negocio #brasil<\/p>\n","protected":false},"excerpt":{"rendered":"<p>S\u00e3o Paulo \u2014 Diferentemente do que afirma postagem que viralizou nas redes sociais, o Conselho Nacional de Pol\u00edtica sobre Drogas (Conad) n\u00e3o era aparelhado por membros da sociedade civil. A an\u00e1lise das atas e registros das reuni\u00f5es de 2006 a 2018 mostra que seus integrantes apresentavam opini\u00f5es diversas sobre diferentes pontos da pol\u00edtica de drogas. [&hellip;]<\/p>\n","protected":false},"author":1,"featured_media":25300,"comment_status":"open","ping_status":"open","sticky":false,"template":"","format":"standard","meta":{"footnotes":""},"categories":[1],"tags":[],"class_list":["post-25299","post","type-post","status-publish","format-standard","has-post-thumbnail","hentry","category-curso-de-copy"],"_links":{"self":[{"href":"https:\/\/wiy.com.br\/noticias\/wp-json\/wp\/v2\/posts\/25299","targetHints":{"allow":["GET"]}}],"collection":[{"href":"https:\/\/wiy.com.br\/noticias\/wp-json\/wp\/v2\/posts"}],"about":[{"href":"https:\/\/wiy.com.br\/noticias\/wp-json\/wp\/v2\/types\/post"}],"author":[{"embeddable":true,"href":"https:\/\/wiy.com.br\/noticias\/wp-json\/wp\/v2\/users\/1"}],"replies":[{"embeddable":true,"href":"https:\/\/wiy.com.br\/noticias\/wp-json\/wp\/v2\/comments?post=25299"}],"version-history":[{"count":0,"href":"https:\/\/wiy.com.br\/noticias\/wp-json\/wp\/v2\/posts\/25299\/revisions"}],"wp:featuredmedia":[{"embeddable":true,"href":"https:\/\/wiy.com.br\/noticias\/wp-json\/wp\/v2\/media\/25300"}],"wp:attachment":[{"href":"https:\/\/wiy.com.br\/noticias\/wp-json\/wp\/v2\/media?parent=25299"}],"wp:term":[{"taxonomy":"category","embeddable":true,"href":"https:\/\/wiy.com.br\/noticias\/wp-json\/wp\/v2\/categories?post=25299"},{"taxonomy":"post_tag","embeddable":true,"href":"https:\/\/wiy.com.br\/noticias\/wp-json\/wp\/v2\/tags?post=25299"}],"curies":[{"name":"wp","href":"https:\/\/api.w.org\/{rel}","templated":true}]}}