{"id":25263,"date":"2023-02-26T15:20:30","date_gmt":"2023-02-26T18:20:30","guid":{"rendered":"https:\/\/wiy.com.br\/noticias\/primeiro-carro-da-hyundai-com-teto-solar-ja-esta-disponivel-na-coreia\/"},"modified":"2019-08-06T12:55:41","modified_gmt":"2019-08-06T15:55:41","slug":"primeiro-carro-da-hyundai-com-teto-solar-ja-esta-disponivel-na-coreia","status":"publish","type":"post","link":"https:\/\/wiy.com.br\/noticias\/primeiro-carro-da-hyundai-com-teto-solar-ja-esta-disponivel-na-coreia\/","title":{"rendered":"Primeiro carro da Hyundai com teto solar j\u00e1 est\u00e1 dispon\u00edvel na Cor\u00e9ia"},"content":{"rendered":"<p> <br \/>\n<br \/><img title = \"[Tags]\"alt = \"20190806123217_860_645_-_hyundai_sonata_hybrid Primeiro carro da Hyundai com teto solar j\u00e1 est\u00e1 dispon\u00edvel na Cor\u00e9ia\"decoding=\"async\" align=\"left\" hspace=\"8\" src=\"https:\/\/olhardigital.com.br\/uploads\/acervo_imagens\/2019\/08\/r4x3\/20190806123217_860_645_-_hyundai_sonata_hybrid.jpg\"><\/p>\n<p>H&aacute; quase um ano, a <a href=\"https:\/\/olhardigital.com.br\/noticia\/waymo-fecha-acordo-com-renault-e-nissan\/87133\" target=\"_blank\" rel=\"noopener noreferrer\">Hyundai <\/a>revelou planos de equipar seus <a href=\"https:\/\/olhardigital.com.br\/video\/carro-parcialmente-movido-a-energia-solar\/87298\" target=\"_blank\" rel=\"noopener noreferrer\">carros com pain&eacute;is solares<\/a>, e agora seu primeiro modelo equipado com um teto solar est&aacute; pronto. O novo Sonata Hybrid j&aacute; est&aacute; dispon&iacute;vel na Cor&eacute;ia e deve chegar &agrave; Am&eacute;rica do Norte em breve, mas por enquanto n&atilde;o h&aacute; planos para vend&ecirc;-lo em outras regi&otilde;es.<\/p>\n<p>A Hyundai espera que, complementando a energia da bateria, o painel solar possa ajudar a melhorar a efici&ecirc;ncia do combust&iacute;vel e reduzir as emiss&otilde;es de CO2. A montadora coreana disse que at&eacute; 60% da energia da bateria do carro poderia ser fornecida pelo teto solar se ele fosse usado durante seis horas por dia. Em um ano, os pain&eacute;is forneceriam energia suficiente para percorrer 1.300 km por ano.<\/p>\n<p>A empresa acrescentou que seu h&iacute;brido tem um sistema de controle do motor melhorado para garantir que o uso de energia seja o mais eficiente poss&iacute;vel. O site de not&iacute;cias Digital Trends disse que &ldquo;os h&iacute;bridos como o Sonata t&ecirc;m baterias menores do que os carros totalmente el&eacute;tricos, ent&atilde;o um teto solar pode fazer uma diferen&ccedil;a maior na carga&rdquo;. Mas tamb&eacute;m acrescentou que c&eacute;lulas solares podem adicionar custo e peso aos carros, e n&atilde;o est&aacute; claro o qu&atilde;o efetivas elas ser&atilde;o na pr&aacute;tica.<\/p>\n<p>A Hyundai&nbsp;n&atilde;o &eacute; a primeira fabricante de autom&oacute;veis a usar pain&eacute;is solares em um ve&iacute;culo. Um sistema similar est&aacute;&nbsp; disponivel como op&ccedil;&atilde;o no Toyota Prius, e o luxuoso Karma Revero tamb&eacute;m tem um. Al&eacute;m disso a Lightyear, uma startup holandesa, est&aacute; trabalhando em um carro el&eacute;trico que usa pain&eacute;is solares no cap&ocirc; e no teto para ajudar a carregar as baterias do ve&iacute;culo.<\/p>\n<p>Via: <a href=\"https:\/\/www.bbc.com\/news\/technology-49249884\" target=\"_blank\" rel=\"noopener noreferrer\">BBC<\/a><\/p>\n<p><br \/>\n<br \/><a href=\"https:\/\/olhardigital.com.br\/carros-e-tecnologia\/noticia\/primeiro-carro-da-hyundai-com-teto-solar-ja-esta-disponivel-na-coreia\/88828\">Fonte do Artigo <\/a><br \/>\nTags:<br \/>\n#tecnologia #tecnologias #technology #tecnolog  #iphone #informatica #tech #design #samsung #internet #apple #smartphone  #seguran #venezuela #celular #celulares #inova #qualidade #software #empresas #seguridad #engenharia #industria #marketing #ti #tecnoblog #veja #olhardigital #mundodigital #inteligenciaartificial<\/p>\n","protected":false},"excerpt":{"rendered":"<p>H&aacute; quase um ano, a Hyundai revelou planos de equipar seus carros com pain&eacute;is solares, e agora seu primeiro modelo equipado com um teto solar est&aacute; pronto. O novo Sonata Hybrid j&aacute; est&aacute; dispon&iacute;vel na Cor&eacute;ia e deve chegar &agrave; Am&eacute;rica do Norte em breve, mas por enquanto n&atilde;o h&aacute; planos para vend&ecirc;-lo em outras [&hellip;]<\/p>\n","protected":false},"author":1,"featured_media":25264,"comment_status":"open","ping_status":"open","sticky":false,"template":"","format":"standard","meta":{"footnotes":""},"categories":[5],"tags":[],"class_list":["post-25263","post","type-post","status-publish","format-standard","has-post-thumbnail","hentry","category-tecnologia"],"_links":{"self":[{"href":"https:\/\/wiy.com.br\/noticias\/wp-json\/wp\/v2\/posts\/25263","targetHints":{"allow":["GET"]}}],"collection":[{"href":"https:\/\/wiy.com.br\/noticias\/wp-json\/wp\/v2\/posts"}],"about":[{"href":"https:\/\/wiy.com.br\/noticias\/wp-json\/wp\/v2\/types\/post"}],"author":[{"embeddable":true,"href":"https:\/\/wiy.com.br\/noticias\/wp-json\/wp\/v2\/users\/1"}],"replies":[{"embeddable":true,"href":"https:\/\/wiy.com.br\/noticias\/wp-json\/wp\/v2\/comments?post=25263"}],"version-history":[{"count":0,"href":"https:\/\/wiy.com.br\/noticias\/wp-json\/wp\/v2\/posts\/25263\/revisions"}],"wp:featuredmedia":[{"embeddable":true,"href":"https:\/\/wiy.com.br\/noticias\/wp-json\/wp\/v2\/media\/25264"}],"wp:attachment":[{"href":"https:\/\/wiy.com.br\/noticias\/wp-json\/wp\/v2\/media?parent=25263"}],"wp:term":[{"taxonomy":"category","embeddable":true,"href":"https:\/\/wiy.com.br\/noticias\/wp-json\/wp\/v2\/categories?post=25263"},{"taxonomy":"post_tag","embeddable":true,"href":"https:\/\/wiy.com.br\/noticias\/wp-json\/wp\/v2\/tags?post=25263"}],"curies":[{"name":"wp","href":"https:\/\/api.w.org\/{rel}","templated":true}]}}