{"id":25215,"date":"2023-02-26T15:35:26","date_gmt":"2023-02-26T18:35:26","guid":{"rendered":"https:\/\/wiy.com.br\/noticias\/bolsonaro-condiciona-verba-ao-nordeste-a-reconhecimento-de-governadores\/"},"modified":"2019-08-06T00:50:12","modified_gmt":"2019-08-06T03:50:12","slug":"bolsonaro-condiciona-verba-ao-nordeste-a-reconhecimento-de-governadores","status":"publish","type":"post","link":"https:\/\/wiy.com.br\/noticias\/bolsonaro-condiciona-verba-ao-nordeste-a-reconhecimento-de-governadores\/","title":{"rendered":"Bolsonaro condiciona verba ao Nordeste a reconhecimento de governadores"},"content":{"rendered":"<p> <br \/>\n<\/p>\n<p>O presidente <strong><a href=\"https:\/\/exame.abril.com.br\/noticias-sobre\/jair-bolsonaro\/\" target=\"_blank\" rel=\"noopener noreferrer\">Jair Bolsonaro<\/a><\/strong> afirmou nesta segunda-feira, 5, que n\u00e3o vai negar recursos aos Estados do Nordeste, desde que os governadores divulguem que s\u00e3o parceiros do governo.<\/p>\n<p>Segundo ele &#8220;boa parte&#8221; dos governadores do Nordeste \u00e9 socialista, que n\u00e3o comungam dos mesmos interesses do seu governo.<\/p>\n<p>&#8220;O que eu quero desses respectivos governadores: n\u00e3o vou negar nada para esses Estados, mas se eles quiserem realmente que isso tudo seja atendido, eles v\u00e3o ter que falar que est\u00e3o trabalhando com o presidente Jair Bolsonaro. Caso contr\u00e1rio, eu n\u00e3o vou ter conversas com eles, vamos divulgar obras junto a prefeituras&#8221;, disse o presidente ap\u00f3s a inaugura\u00e7\u00e3o de uma usina de energia que usa pain\u00e9is solares instalados sobre as \u00e1guas do Rio S\u00e3o Francisco, em Sobradinho (BA).<\/p>\n<p>O senador Fernando Bezerra Coelho (MDB-PE) saiu em defesa do presidente e disse que o <strong><a href=\"https:\/\/exame.abril.com.br\/noticias-sobre\/governo-bolsonaro\" target=\"_blank\" rel=\"noopener noreferrer\">governo de Jair Bolsonaro<\/a><\/strong> n\u00e3o faz qualquer tipo de &#8220;discrimina\u00e7\u00e3o&#8221; com o <strong><a href=\"https:\/\/exame.abril.com.br\/noticias-sobre\/nordeste\" target=\"_blank\" rel=\"noopener noreferrer\">Nordeste<\/a><\/strong>.<\/p>\n<p>&#8220;Nesses \u00faltimos 10 dias, saiu muita coisa na imprensa como se o senhor tivesse m\u00e1 vontade com o Nordeste. Primeiro, divulgaram que a Caixa Econ\u00f4mica Federal n\u00e3o estava liberando recursos para o Nordeste, que havia uma orienta\u00e7\u00e3o do presidente da Caixa para travar libera\u00e7\u00f5es de financiamentos para munic\u00edpios e Estados nordestinos&#8221;, iniciou o senador.<\/p>\n<p>&#8220;Eu fiquei a indagar: eu, como l\u00edder do governo no Senado, como nordestino que sou, como pernambucano que sou, se em algum momento eu testemunhei ou ouvi o presidente da Caixa, o ministro da Economia ou o presidente da Rep\u00fablica fazer qualquer considera\u00e7\u00e3o que pudesse implicar um gesto de discrimina\u00e7\u00e3o ou falta de aten\u00e7\u00e3o com o Nordeste. A primeira coisa a registrar \u00e9 que mais uma vez o senhor est\u00e1 no Nordeste&#8221;, disse, apontando para o presidente da Rep\u00fablica.<\/p>\n<div class=\"widget-news widget-box no-margin no-border\"><span class=\"widget-news-title content-box-title\">Veja tamb\u00e9m<\/span><\/p>\n<ul class=\"widget-news-list\">\n<li class=\"widget-news-item without-thumb with-border\">\n<div class=\"widget-news-info\"><a href=\"http:\/\/exame.abril.com.br\/negocios\">NEG\u00d3CIOS<\/a><span class=\"widget-news-item-title\"><a href=\"https:\/\/exame.abril.com.br\/negocios\/apos-cobranca-caixa-eleva-porcentual-de-emprestimos-ao-nordeste-para-3\/\">Ap\u00f3s cobran\u00e7a, Caixa eleva porcentual de empr\u00e9stimos ao Nordeste para 3%<\/a><\/span><span class=\"widget-news-item-date\">2 ago 2019 &#8211; 16h08<\/span><\/div>\n<\/li>\n<li class=\"widget-news-item without-thumb with-border\">\n<div class=\"widget-news-info\"><a href=\"http:\/\/exame.abril.com.br\/brasil\">BRASIL<\/a><span class=\"widget-news-item-title\"><a href=\"https:\/\/exame.abril.com.br\/brasil\/bolsonaro-liga-para-presidente-da-caixa-explicar-emprestimos-ao-nordeste\/\">Cobrado sobre NE, Bolsonaro liga ao presidente da Caixa durante entrevista<\/a><\/span><span class=\"widget-news-item-date\">2 ago 2019 &#8211; 13h08<\/span><\/div>\n<\/li>\n<\/ul>\n<\/div>\n<p>Na semana passada, o jornal O Estado de S. Paulo revelou com exclusividade que a <strong><a href=\"https:\/\/exame.abril.com.br\/noticias-sobre\/caixa\/\" target=\"_blank\" rel=\"noopener noreferrer\">Caixa<\/a><\/strong> reduziu a concess\u00e3o de novos empr\u00e9stimos para o Nordeste.<\/p>\n<p>Por meio de um levantamento feito pelo Broadcast (sistema de not\u00edcias em tempo real do Grupo Estado), com base nos n\u00fameros do pr\u00f3prio banco e do sistema do Tesouro Nacional, a reportagem mostrou que, em 2019, at\u00e9 julho, o banco autorizou novos empr\u00e9stimos no valor de R$ 4 bilh\u00f5es para governadores e prefeitos de todo o Pa\u00eds.<\/p>\n<p>Para o Nordeste, foram fechadas menos de dez opera\u00e7\u00f5es, que juntas totalizam R$ 89 milh\u00f5es, ou cerca de 2,2% do total &#8211; volume muito menor do que em anos anteriores.<\/p>\n<p>No entanto, segundo Bolsonaro, o Nordeste tem recebido recursos abundantes. &#8220;Eu n\u00e3o estou aqui para fazer m\u00e9dia. N\u00e3o estou aqui com colegas nordestinos para fazer m\u00e9dia. N\u00e3o existe essa hist\u00f3ria de preconceito. Agora, eu tenho preconceito com governador ladr\u00e3o que n\u00e3o faz nada para o seu Estado&#8221;, disse o presidente.<\/p>\n<p>O governador da Bahia, Rui Costa, do PT, n\u00e3o participou do evento. No \u00faltimo dia 23, ele tamb\u00e9m n\u00e3o participou da inaugura\u00e7\u00e3o do aeroporto de Vit\u00f3ria da Conquista (BA).<\/p>\n<p>&#8220;O meu relacionamento \u00e9 com o povo do Nordeste. Ningu\u00e9m proibiu o governador de estar aqui. Da vez passada, quando estive em Vit\u00f3ria da Conquista, ele determinou que a Pol\u00edcia Militar n\u00e3o participasse da nossa seguran\u00e7a. Ent\u00e3o quem tem algum preconceito \u00e9 ele. Se ele viesse aqui seria muito bem vindo. N\u00e3o teria sido falado nada contra ele, ou hostilizado. Agora quem est\u00e1 com medo de encarar seu pr\u00f3prio povo \u00e9 ele e n\u00e3o eu&#8221;, afirmou Bolsonaro. &#8220;Eu n\u00e3o posso admitir que governadores como o do Maranh\u00e3o e da Para\u00edba fa\u00e7am politicalha no tocante \u00e0 minha pessoa.&#8221;<\/p>\n<p>O presidente voltou a negar ter criticado os gestores estaduais, que s\u00e3o oposi\u00e7\u00e3o ao governo federal. &#8220;Eu cochichei no ouvido do ministro Onyx Lorenzoni (Casa Civil) e me referi ao governador da Para\u00edba e do Maranh\u00e3o, que eles procuram os nossos minist\u00e9rios, conseguem coisas como outros, mas chegam em seus respectivos Estados e descem a &#8216;burduna&#8217; em cima de mim&#8221;, disse o Bolsonaro, em refer\u00eancia a uma conversa captada por microfones da TV Brasil em que ele critica o governador do Maranh\u00e3o, Fl\u00e1vio Dino (PCdoB).<\/p>\n<p>&#8220;Daqueles governadores de &#8216;para\u00edba&#8217;, o pior \u00e9 o do Maranh\u00e3o. N\u00e3o tem que ter nada para esse cara&#8221;, afirmou o presidente, sem saber que estava sendo gravado. Para Dino, a refer\u00eancia a &#8220;para\u00edba&#8221; foi uma forma pejorativa a se referir aos nordestinos, o que Bolsonaro nega.<\/p>\n<p>Bolsonaro desembarcou por volta das 11 horas em Sobradinho. Depois de conhecer, a bordo de uma embarca\u00e7\u00e3o catamar\u00e3, os pain\u00e9is instalados no lago da usina da Companhia Hidrel\u00e9trica do S\u00e3o Francisco (Chesf), o presidente far\u00e1 um breve discurso para cerca de 150 pessoas, a maior parte funcion\u00e1rios da empresa.<\/p>\n<p>A popula\u00e7\u00e3o da cidade n\u00e3o teve acesso ao local do evento, um galp\u00e3o dentro das instala\u00e7\u00f5es da usina, retirado da cidade.<\/p>\n<p><br \/>\n<br \/><a href=\"https:\/\/exame.abril.com.br\/brasil\/reduzir-emprestimos-ao-ne-nao-e-discriminacao-diz-lider-do-governo\/\">Fonte do artigo <\/a><br \/>\nTags:<br \/>\n#politica #political #negocios #business #marketingdigital #empreendedorismo #marketing #emprendedores #empreender #sucesso #empresas #emprendimiento #emprendedor #empreendedor #emprender #dinheiro #dinero #empresario #vendas #liderazgo #motivacion #foco #motivacao #negocio #brasil<\/p>\n","protected":false},"excerpt":{"rendered":"<p>O presidente Jair Bolsonaro afirmou nesta segunda-feira, 5, que n\u00e3o vai negar recursos aos Estados do Nordeste, desde que os governadores divulguem que s\u00e3o parceiros do governo. Segundo ele &#8220;boa parte&#8221; dos governadores do Nordeste \u00e9 socialista, que n\u00e3o comungam dos mesmos interesses do seu governo. &#8220;O que eu quero desses respectivos governadores: n\u00e3o vou [&hellip;]<\/p>\n","protected":false},"author":1,"featured_media":25216,"comment_status":"open","ping_status":"open","sticky":false,"template":"","format":"standard","meta":{"footnotes":""},"categories":[1],"tags":[],"class_list":["post-25215","post","type-post","status-publish","format-standard","has-post-thumbnail","hentry","category-curso-de-copy"],"_links":{"self":[{"href":"https:\/\/wiy.com.br\/noticias\/wp-json\/wp\/v2\/posts\/25215","targetHints":{"allow":["GET"]}}],"collection":[{"href":"https:\/\/wiy.com.br\/noticias\/wp-json\/wp\/v2\/posts"}],"about":[{"href":"https:\/\/wiy.com.br\/noticias\/wp-json\/wp\/v2\/types\/post"}],"author":[{"embeddable":true,"href":"https:\/\/wiy.com.br\/noticias\/wp-json\/wp\/v2\/users\/1"}],"replies":[{"embeddable":true,"href":"https:\/\/wiy.com.br\/noticias\/wp-json\/wp\/v2\/comments?post=25215"}],"version-history":[{"count":0,"href":"https:\/\/wiy.com.br\/noticias\/wp-json\/wp\/v2\/posts\/25215\/revisions"}],"wp:featuredmedia":[{"embeddable":true,"href":"https:\/\/wiy.com.br\/noticias\/wp-json\/wp\/v2\/media\/25216"}],"wp:attachment":[{"href":"https:\/\/wiy.com.br\/noticias\/wp-json\/wp\/v2\/media?parent=25215"}],"wp:term":[{"taxonomy":"category","embeddable":true,"href":"https:\/\/wiy.com.br\/noticias\/wp-json\/wp\/v2\/categories?post=25215"},{"taxonomy":"post_tag","embeddable":true,"href":"https:\/\/wiy.com.br\/noticias\/wp-json\/wp\/v2\/tags?post=25215"}],"curies":[{"name":"wp","href":"https:\/\/api.w.org\/{rel}","templated":true}]}}