{"id":2513,"date":"2023-02-26T15:40:52","date_gmt":"2023-02-26T18:40:52","guid":{"rendered":"https:\/\/wiy.com.br\/noticias\/operacao-mira-o-ex-presidente-do-detran-e-deputado-federal-eleito-vinicius-farah\/"},"modified":"2019-01-30T07:20:04","modified_gmt":"2019-01-30T09:20:04","slug":"operacao-mira-o-ex-presidente-do-detran-e-deputado-federal-eleito-vinicius-farah","status":"publish","type":"post","link":"https:\/\/wiy.com.br\/noticias\/operacao-mira-o-ex-presidente-do-detran-e-deputado-federal-eleito-vinicius-farah\/","title":{"rendered":"Opera\u00e7\u00e3o mira o ex-presidente do Detran e deputado federal eleito Vin\u00edcius Farah"},"content":{"rendered":"<p> <br \/>\n<br \/>RIO \u2014 Uma opera\u00e7\u00e3o deflagrada pela Pol\u00edcia Civil nesta quarta-feira mira o ex-presidente do Detran e deputado federal eleito Vinicius Farah (MDB). Ele j\u00e1 havia sido preso em novembro do ano passado, na opera\u00e7\u00e3o Furna da On\u00e7a, mas acabou sendo solto&#8230;.<br \/>\n<br \/><br \/>\n<br \/><a href=\"https:\/\/oglobo.globo.com\/rio\/operacao-mira-ex-presidente-do-detran-deputado-federal-eleito-vinicius-farah-23412865\">Source link <\/a><\/p>\n","protected":false},"excerpt":{"rendered":"<p>RIO \u2014 Uma opera\u00e7\u00e3o deflagrada pela Pol\u00edcia Civil nesta quarta-feira mira o ex-presidente do Detran e deputado federal eleito Vinicius Farah (MDB). Ele j\u00e1 havia sido preso em novembro do ano passado, na opera\u00e7\u00e3o Furna da On\u00e7a, mas acabou sendo solto&#8230;. Source link<\/p>\n","protected":false},"author":1,"featured_media":0,"comment_status":"open","ping_status":"open","sticky":false,"template":"","format":"standard","meta":{"footnotes":""},"categories":[337],"tags":[],"class_list":["post-2513","post","type-post","status-publish","format-standard","hentry","category-noticias"],"_links":{"self":[{"href":"https:\/\/wiy.com.br\/noticias\/wp-json\/wp\/v2\/posts\/2513","targetHints":{"allow":["GET"]}}],"collection":[{"href":"https:\/\/wiy.com.br\/noticias\/wp-json\/wp\/v2\/posts"}],"about":[{"href":"https:\/\/wiy.com.br\/noticias\/wp-json\/wp\/v2\/types\/post"}],"author":[{"embeddable":true,"href":"https:\/\/wiy.com.br\/noticias\/wp-json\/wp\/v2\/users\/1"}],"replies":[{"embeddable":true,"href":"https:\/\/wiy.com.br\/noticias\/wp-json\/wp\/v2\/comments?post=2513"}],"version-history":[{"count":0,"href":"https:\/\/wiy.com.br\/noticias\/wp-json\/wp\/v2\/posts\/2513\/revisions"}],"wp:attachment":[{"href":"https:\/\/wiy.com.br\/noticias\/wp-json\/wp\/v2\/media?parent=2513"}],"wp:term":[{"taxonomy":"category","embeddable":true,"href":"https:\/\/wiy.com.br\/noticias\/wp-json\/wp\/v2\/categories?post=2513"},{"taxonomy":"post_tag","embeddable":true,"href":"https:\/\/wiy.com.br\/noticias\/wp-json\/wp\/v2\/tags?post=2513"}],"curies":[{"name":"wp","href":"https:\/\/api.w.org\/{rel}","templated":true}]}}