{"id":24985,"date":"2023-02-26T15:47:17","date_gmt":"2023-02-26T18:47:17","guid":{"rendered":"https:\/\/wiy.com.br\/noticias\/corregedoria-abre-nova-reclamacao-sobre-atuacao-de-dallagnol-na-lava-jato\/"},"modified":"2019-08-02T22:34:24","modified_gmt":"2019-08-03T01:34:24","slug":"corregedoria-abre-nova-reclamacao-sobre-atuacao-de-dallagnol-na-lava-jato","status":"publish","type":"post","link":"https:\/\/wiy.com.br\/noticias\/corregedoria-abre-nova-reclamacao-sobre-atuacao-de-dallagnol-na-lava-jato\/","title":{"rendered":"Corregedoria abre nova reclama\u00e7\u00e3o sobre atua\u00e7\u00e3o de Dallagnol na Lava Jato"},"content":{"rendered":"<p> <br \/>\n<\/p>\n<p>O Corregedor Nacional do Minist\u00e9rio P\u00fablico (CNMP), Orlando Rochadel, abriu uma nova reclama\u00e7\u00e3o disciplinar para apurar a conduta do procurador da Rep\u00fablica <strong><a href=\"https:\/\/exame.abril.com.br\/noticias-sobre\/deltan-dallagnol\/\" target=\"_blank\" rel=\"noopener noreferrer\">Deltan Dallagnol<\/a><\/strong>, dessa vez pela participa\u00e7\u00e3o em encontro secreto com representantes de bancos e investidores, relatada pelo site The Intercept Brasil no \u00faltimo dia 26.<\/p>\n<p>Segundo o site, o procurador foi o destaque do evento, organizado em junho de 2018. Dallagnol ter\u00e1 dez dias para se manifestar sobre o caso.<\/p>\n<p>Em nota, a assessoria da for\u00e7a-tarefa afirmou que o procurador esclarecer\u00e1 ao CNMP que foi ao encontro com o prop\u00f3sito de debater o tema do combate \u00e0 corrup\u00e7\u00e3o e cidadania e que o comparecimento foi gratuito. A nota tamb\u00e9m diz ser &#8220;leviana&#8221; &#8220;qualquer ila\u00e7\u00e3o&#8221; de que teriam sido fornecidas informa\u00e7\u00f5es de car\u00e1ter sigiloso no encontro.<\/p>\n<p>Na decis\u00e3o, que atende a pedido feito pelo deputado federal petista Paulo Pimenta, o corregedor afirma que a sociedade deve ter &#8220;plena convic\u00e7\u00e3o de que os Membros do Minist\u00e9rio P\u00fablico se pautam pela legalidade, mantendo a imparcialidade, evitando conflitos de interesse&#8221;. Para Rochadel, o caso pode representar uma viola\u00e7\u00e3o ao Estatuto do Minist\u00e9rio P\u00fablico, na parte que obriga os procuradores a &#8220;guardar segredo sobre assunto de car\u00e1ter sigiloso que conhe\u00e7a em raz\u00e3o do cargo ou fun\u00e7\u00e3o&#8221;.<\/p>\n<p>&#8220;Sem adiantar qualquer ju\u00edzo de m\u00e9rito, observa-se que representa\u00e7\u00e3o assevera suposto desvio na conduta de Membro do Minist\u00e9rio P\u00fablico Federal, o que, em tese, pode caracterizar falta funcional&#8221;, disse o corregedor, na decis\u00e3o assinada na quarta-feira, 31. \u00c9 a partir da reclama\u00e7\u00e3o disciplinar que o conselho do Minist\u00e9rio P\u00fablico decide se instaura ou n\u00e3o um processo disciplinar &#8211; que pode levar a puni\u00e7\u00e3o de procuradores.<\/p>\n<div class=\"widget-news widget-box no-margin no-border\"><span class=\"widget-news-title content-box-title\">Veja tamb\u00e9m<\/span><\/p>\n<ul class=\"widget-news-list\">\n<li class=\"widget-news-item without-thumb with-border\">\n<div class=\"widget-news-info\"><a href=\"http:\/\/exame.abril.com.br\/brasil\">BRASIL<\/a><span class=\"widget-news-item-title\"><a href=\"https:\/\/exame.abril.com.br\/brasil\/justica-determina-prisao-preventiva-de-supostos-hackers-de-autoridades\/\">Justi\u00e7a determina pris\u00e3o preventiva de supostos hackers de autoridades<\/a><\/span><span class=\"widget-news-item-date\">1 ago 2019 &#8211; 21h08<\/span><\/div>\n<\/li>\n<li class=\"widget-news-item without-thumb with-border\">\n<div class=\"widget-news-info\"><a href=\"http:\/\/exame.abril.com.br\/brasil\">BRASIL<\/a><span class=\"widget-news-item-title\"><a href=\"https:\/\/exame.abril.com.br\/brasil\/dallagnol-recebeu-r-33-mil-para-palestrar-em-empresa-citada-na-lava-jato\/\">Dallagnol recebeu R$ 33 mil para palestrar em empresa citada na Lava Jato<\/a><\/span><span class=\"widget-news-item-date\">26 jul 2019 &#8211; 10h07<\/span><\/div>\n<\/li>\n<\/ul>\n<\/div>\n<p>O procurador ainda \u00e9 alvo de outro procedimento aberto pelo corregedor em julho, tamb\u00e9m instaurado com base no conte\u00fado de supostas mensagens trocadas entre Dallagnol e membros da for\u00e7a-tarefa da Lava Jato. Este caso foi aberto a partir de not\u00edcia de que o procurador teria montado um plano de neg\u00f3cios de eventos e palestras para lucrar com a fama e contatos obtidos durante as investiga\u00e7\u00f5es da Lava Jato.<\/p>\n<h3>Encontro<\/h3>\n<p>Na nota divulgada sobre o procedimento, a assessoria da for\u00e7a-tarefa afirmou que o procurador foi ao encontro com o prop\u00f3sito de debater o tema do combate \u00e0 corrup\u00e7\u00e3o e cidadania, &#8220;expondo em particular as Novas Medidas Contra a Corrup\u00e7\u00e3o&#8221;.<\/p>\n<p>&#8220;O comparecimento foi gratuito, movido por interesse institucional de promover o combate \u00e0 corrup\u00e7\u00e3o e foram abordadas apenas informa\u00e7\u00f5es p\u00fablicas. Ao encontro, compareceu inclusive respeitada entidade anticorrup\u00e7\u00e3o da sociedade civil. Qualquer ila\u00e7\u00e3o dos reclamantes de que teriam sido fornecidas informa\u00e7\u00f5es de car\u00e1ter sigiloso seria leviana e n\u00e3o tem amparo na realidade, o que pode ser facilmente verificado com qualquer dos presentes&#8221;, disse em nota.<\/p>\n<p><br \/>\n<br \/><a href=\"https:\/\/exame.abril.com.br\/brasil\/corregedoria-abre-nova-reclamacao-sobre-atuacao-de-dallagnol-na-lava-jato\/\">Fonte do artigo <\/a><br \/>\nTags:<br \/>\n#politica #political #negocios #business #marketingdigital #empreendedorismo #marketing #emprendedores #empreender #sucesso #empresas #emprendimiento #emprendedor #empreendedor #emprender #dinheiro #dinero #empresario #vendas #liderazgo #motivacion #foco #motivacao #negocio #brasil<\/p>\n","protected":false},"excerpt":{"rendered":"<p>O Corregedor Nacional do Minist\u00e9rio P\u00fablico (CNMP), Orlando Rochadel, abriu uma nova reclama\u00e7\u00e3o disciplinar para apurar a conduta do procurador da Rep\u00fablica Deltan Dallagnol, dessa vez pela participa\u00e7\u00e3o em encontro secreto com representantes de bancos e investidores, relatada pelo site The Intercept Brasil no \u00faltimo dia 26. Segundo o site, o procurador foi o destaque [&hellip;]<\/p>\n","protected":false},"author":1,"featured_media":24986,"comment_status":"open","ping_status":"open","sticky":false,"template":"","format":"standard","meta":{"footnotes":""},"categories":[1],"tags":[],"class_list":["post-24985","post","type-post","status-publish","format-standard","has-post-thumbnail","hentry","category-curso-de-copy"],"_links":{"self":[{"href":"https:\/\/wiy.com.br\/noticias\/wp-json\/wp\/v2\/posts\/24985","targetHints":{"allow":["GET"]}}],"collection":[{"href":"https:\/\/wiy.com.br\/noticias\/wp-json\/wp\/v2\/posts"}],"about":[{"href":"https:\/\/wiy.com.br\/noticias\/wp-json\/wp\/v2\/types\/post"}],"author":[{"embeddable":true,"href":"https:\/\/wiy.com.br\/noticias\/wp-json\/wp\/v2\/users\/1"}],"replies":[{"embeddable":true,"href":"https:\/\/wiy.com.br\/noticias\/wp-json\/wp\/v2\/comments?post=24985"}],"version-history":[{"count":0,"href":"https:\/\/wiy.com.br\/noticias\/wp-json\/wp\/v2\/posts\/24985\/revisions"}],"wp:featuredmedia":[{"embeddable":true,"href":"https:\/\/wiy.com.br\/noticias\/wp-json\/wp\/v2\/media\/24986"}],"wp:attachment":[{"href":"https:\/\/wiy.com.br\/noticias\/wp-json\/wp\/v2\/media?parent=24985"}],"wp:term":[{"taxonomy":"category","embeddable":true,"href":"https:\/\/wiy.com.br\/noticias\/wp-json\/wp\/v2\/categories?post=24985"},{"taxonomy":"post_tag","embeddable":true,"href":"https:\/\/wiy.com.br\/noticias\/wp-json\/wp\/v2\/tags?post=24985"}],"curies":[{"name":"wp","href":"https:\/\/api.w.org\/{rel}","templated":true}]}}