{"id":24917,"date":"2023-02-26T14:55:24","date_gmt":"2023-02-26T17:55:24","guid":{"rendered":"https:\/\/wiy.com.br\/noticias\/internado-ary-toledo-perde-25-quilos-e-tem-dificuldade-para-comer-e-andar\/"},"modified":"2019-08-02T12:28:09","modified_gmt":"2019-08-02T15:28:09","slug":"internado-ary-toledo-perde-25-quilos-e-tem-dificuldade-para-comer-e-andar","status":"publish","type":"post","link":"https:\/\/wiy.com.br\/noticias\/internado-ary-toledo-perde-25-quilos-e-tem-dificuldade-para-comer-e-andar\/","title":{"rendered":"Internado, Ary Toledo perde 25 quilos e tem dificuldade para comer e andar"},"content":{"rendered":"<p> <br \/>\n<\/p>\n<p>Uma pneumonia bacteriana abateu o humorista Ary Toledo nos \u00faltimos tempos. Ap\u00f3s passar cerca de um m\u00eas tratando da doen\u00e7a, entre junho e julho, Toledo foi reconduzido ao Hospital S\u00edrio-Liban\u00eas no \u00faltimo domingo (28). Inicialmente internado na Unidade de Terapia Intensiva (UTI), ele passou na quinta (1\u00ba) para a ala semi-intensiva.<\/p>\n<p>De acordo com a assessora de imprensa do humorista, ele est\u00e1 muito triste, tem dificuldades para comer, falar, andar e dormir. &#8220;Tamb\u00e9m estamos cuidando da parte emocional dele&#8221;, disse F\u00e1tima Freitas. Ela relatou que, para a primeira interna\u00e7\u00e3o, ele chegou caminhando e conversando. Havia at\u00e9 feito um show no Teatro UMC, na Vila Leopoldina, poucos dias antes, e estava alegre junto ao p\u00fablico.<\/p>\n<p>O estado emocional mudou completamente de figura nesta segunda interna\u00e7\u00e3o, pois Toledo chora constantemente e n\u00e3o conversa com as cuidadoras no quarto. Nos \u00faltimos 38 dias, ele perdeu 25 quilos. Na tarde de ontem, passou por uma tomografia para verificar se houve algum dano ao c\u00e9rebro, o que foi descartado com o resultado no exame. A depress\u00e3o, no entanto, segue severa.<\/p>\n<p>Um alento recente foi a visita do grande amigo Raul Gil, nesta quinta (1\u00ba).\u00a0 &#8220;At\u00e9 o rosto dele deu uma mudada ao v\u00ea-lo. Depois, dormiu a noite toda&#8221;, disse F\u00e1tima.<\/p>\n<p>A assessora afirma que postar\u00e1 informa\u00e7\u00f5es sobre o estado de sa\u00fade de Ary Toledo em suas p\u00e1ginas oficiais na web. A ideia \u00e9 informar, mas tamb\u00e9m reunir coment\u00e1rios carinhosos, ora\u00e7\u00f5es e votos de for\u00e7a. &#8220;A<span>s pessoas precisam saber o que est\u00e1 acontecendo com o mestre do humor Ary Toledo&#8221;, finalizou.<\/span><\/p>\n<div class=\"widget-news widget-box no-margin no-border\"><span class=\"widget-news-title content-box-title\">Veja tamb\u00e9m<\/span><\/p>\n<ul class=\"widget-news-list\">\n<li class=\"widget-news-item without-thumb with-border\">\n<div class=\"widget-news-info\"><a href=\"http:\/\/vejasp.abril.com.br\/cidades\">Cidades<\/a><span class=\"widget-news-item-title\"><a href=\"https:\/\/vejasp.abril.com.br\/cidades\/policia-do-rio-corpo-musico\/\">Pol\u00edcia do Rio encontra corpo de m\u00fasico desaparecido<\/a><\/span><span class=\"widget-news-item-date\">2 ago 2019 &#8211; 10h08<\/span><\/div>\n<\/li>\n<li class=\"widget-news-item without-thumb with-border\">\n<div class=\"widget-news-info\"><a href=\"http:\/\/vejasp.abril.com.br\/comida-bebida\">Comida &amp; Bebida<\/a><span class=\"widget-news-item-title\"><a href=\"https:\/\/vejasp.abril.com.br\/comida-bebida\/capa-novos-padeiros-papoula-ribeiro-cor\/\">Papoula Ribeiro (ex-Padoca do Man\u00ed) abre padaria pr\u00f3pria<\/a><\/span><span class=\"widget-news-item-date\">2 ago 2019 &#8211; 07h08<\/span><\/div>\n<\/li>\n<\/ul>\n<\/div>\n<p>&nbsp;<\/p>\n<p><br \/>\n<br \/><a href=\"https:\/\/vejasp.abril.com.br\/cidades\/ary-toledo-dificuldades-sirio\/\">Fonte do Artigo <\/a><br \/>\nTags:<br \/>\n#loterias #loteriascaixa #megasena #resultadoapostas#noticias #noticiario  #noticia #brasil #noticiascolombia #mundo #esporte #colombia #noticiadeld #ltimasnoticias  #noticiario #noticiasregionales #noticiasdepartamentales #noticiashoy #esportes #noticiaahora #elinformantenoticias #noticiasdeboyac  #esporteinterativo #esportivo #diariodosesportes  #noticiero  #jogodefutebol #jogos #loto #apostas<\/p>\n","protected":false},"excerpt":{"rendered":"<p>Uma pneumonia bacteriana abateu o humorista Ary Toledo nos \u00faltimos tempos. Ap\u00f3s passar cerca de um m\u00eas tratando da doen\u00e7a, entre junho e julho, Toledo foi reconduzido ao Hospital S\u00edrio-Liban\u00eas no \u00faltimo domingo (28). Inicialmente internado na Unidade de Terapia Intensiva (UTI), ele passou na quinta (1\u00ba) para a ala semi-intensiva. De acordo com a [&hellip;]<\/p>\n","protected":false},"author":1,"featured_media":24918,"comment_status":"open","ping_status":"open","sticky":false,"template":"","format":"standard","meta":{"footnotes":""},"categories":[1],"tags":[],"class_list":["post-24917","post","type-post","status-publish","format-standard","has-post-thumbnail","hentry","category-curso-de-copy"],"_links":{"self":[{"href":"https:\/\/wiy.com.br\/noticias\/wp-json\/wp\/v2\/posts\/24917","targetHints":{"allow":["GET"]}}],"collection":[{"href":"https:\/\/wiy.com.br\/noticias\/wp-json\/wp\/v2\/posts"}],"about":[{"href":"https:\/\/wiy.com.br\/noticias\/wp-json\/wp\/v2\/types\/post"}],"author":[{"embeddable":true,"href":"https:\/\/wiy.com.br\/noticias\/wp-json\/wp\/v2\/users\/1"}],"replies":[{"embeddable":true,"href":"https:\/\/wiy.com.br\/noticias\/wp-json\/wp\/v2\/comments?post=24917"}],"version-history":[{"count":0,"href":"https:\/\/wiy.com.br\/noticias\/wp-json\/wp\/v2\/posts\/24917\/revisions"}],"wp:featuredmedia":[{"embeddable":true,"href":"https:\/\/wiy.com.br\/noticias\/wp-json\/wp\/v2\/media\/24918"}],"wp:attachment":[{"href":"https:\/\/wiy.com.br\/noticias\/wp-json\/wp\/v2\/media?parent=24917"}],"wp:term":[{"taxonomy":"category","embeddable":true,"href":"https:\/\/wiy.com.br\/noticias\/wp-json\/wp\/v2\/categories?post=24917"},{"taxonomy":"post_tag","embeddable":true,"href":"https:\/\/wiy.com.br\/noticias\/wp-json\/wp\/v2\/tags?post=24917"}],"curies":[{"name":"wp","href":"https:\/\/api.w.org\/{rel}","templated":true}]}}