{"id":24844,"date":"2023-02-26T15:07:38","date_gmt":"2023-02-26T18:07:38","guid":{"rendered":"https:\/\/wiy.com.br\/noticias\/justica-determina-prisao-preventiva-de-supostos-hackers-de-autoridades\/"},"modified":"2019-08-01T22:08:22","modified_gmt":"2019-08-02T01:08:22","slug":"justica-determina-prisao-preventiva-de-supostos-hackers-de-autoridades","status":"publish","type":"post","link":"https:\/\/wiy.com.br\/noticias\/justica-determina-prisao-preventiva-de-supostos-hackers-de-autoridades\/","title":{"rendered":"Justi\u00e7a determina pris\u00e3o preventiva de supostos hackers de autoridades"},"content":{"rendered":"<p> <br \/>\n<\/p>\n<p>A Justi\u00e7a Federal do Distrito Federal (DF) decidiu que os suspeitos de <strong><a href=\"https:\/\/exame.abril.com.br\/noticias-sobre\/hackers\" target=\"_blank\" rel=\"noopener noreferrer\">hackear<\/a><\/strong> autoridades devem permanecer presos por tempo indefinido. A pris\u00e3o preventiva foi determinada pelo juiz Ricardo Leite na noite desta quinta-feira, 1\u00ba, no limite do prazo para a pris\u00e3o tempor\u00e1ria. A decis\u00e3o foi tomada a pedido da Pol\u00edcia Federal.<\/p>\n<p>O grupo formado por Walter Delgatti Neto, Gustavo Henrique Santos, Suelen Priscila Oliveira e Danilo Marques est\u00e1 preso desde o dia 23 de julho, sob suspeita de hackear os celulares do ministro <strong><a href=\"https:\/\/exame.abril.com.br\/noticias-sobre\/sergio-moro\" target=\"_blank\" rel=\"noopener noreferrer\">Sergio Moro<\/a><\/strong> (Justi\u00e7a e Seguran\u00e7a P\u00fablica), do procurador <strong><a href=\"https:\/\/exame.abril.com.br\/noticias-sobre\/deltan-dallagnol\" target=\"_blank\" rel=\"noopener noreferrer\">Deltan Dallagnol<\/a><\/strong>, coordenador da for\u00e7a-tarefa do Minist\u00e9rio P\u00fablico Federal na <strong><a href=\"https:\/\/exame.abril.com.br\/noticias-sobre\/operacao-lava-jato\" target=\"_blank\" rel=\"noopener noreferrer\">Opera\u00e7\u00e3o Lava Jato<\/a><\/strong> no Paran\u00e1, e de at\u00e9 mil autoridades dos tr\u00eas Poderes.<\/p>\n<p>Ricardo Leite assumiu nesta quinta-feira, 1\u00ba, ap\u00f3s voltar das f\u00e9rias. As decis\u00f5es at\u00e9 a v\u00e9spera haviam sido tomadas pelo juiz Vallisney Oliveira, em substitui\u00e7\u00e3o. Na sexta, 26, Vallisney havia prorrogado por mais cinco dias a pris\u00e3o tempor\u00e1ria dos quatro investigados.<\/p>\n<p>Na sequ\u00eancia da investiga\u00e7\u00e3o, a PF busca identificar pagamentos ao grupo, supostamente liderado por &#8220;Vermelho&#8221;. Na resid\u00eancia do &#8220;DJ Guga&#8221;, os federais apreenderam R$ 99 mil em dinheiro vivo. Os policiais federais rastreiam movimenta\u00e7\u00f5es banc\u00e1rias e em criptomoedas dos investigados.<\/p>\n<div class=\"widget-news widget-box no-margin no-border\"><span class=\"widget-news-title content-box-title\">Veja tamb\u00e9m<\/span><\/p>\n<ul class=\"widget-news-list\">\n<li class=\"widget-news-item without-thumb with-border\">\n<div class=\"widget-news-info\"><a href=\"http:\/\/exame.abril.com.br\/brasil\">BRASIL<\/a><span class=\"widget-news-item-title\"><a href=\"https:\/\/exame.abril.com.br\/brasil\/fux-proibe-destruicao-de-mensagens-hackeadas-e-pede-copia-do-inquerito\/\">Fux pro\u00edbe destrui\u00e7\u00e3o de mensagens hackeadas e pede c\u00f3pia do inqu\u00e9rito<\/a><\/span><span class=\"widget-news-item-date\">1 ago 2019 &#8211; 18h08<\/span><\/div>\n<\/li>\n<li class=\"widget-news-item without-thumb with-border\">\n<div class=\"widget-news-info\"><a href=\"http:\/\/exame.abril.com.br\/tecnologia\">TECNOLOGIA<\/a><span class=\"widget-news-item-title\"><a href=\"https:\/\/exame.abril.com.br\/tecnologia\/operadoras-de-telefonia-serao-investigadas-por-ataque-hacker\/\">Operadoras de telefonia ser\u00e3o investigadas por ataque hacker<\/a><\/span><span class=\"widget-news-item-date\">1 ago 2019 &#8211; 18h08<\/span><\/div>\n<\/li>\n<\/ul>\n<\/div>\n<p>&#8220;Vermelho&#8221; confessou \u00e0 Pol\u00edcia Federal que hackeou Moro e Deltan e centenas de procuradores, ju\u00edzes e delegados federais, al\u00e9m de jornalistas. Ele acumula processos por estelionato, falsifica\u00e7\u00e3o de documentos e furto.<\/p>\n<p>Desde junho, Moro \u00e9 alvo de divulga\u00e7\u00e3o de supostos di\u00e1logos a ele atribu\u00eddos com o procurador, pelo site The Intercept. O site afirmou que recebeu de fonte an\u00f4nima o material, mas n\u00e3o revelou a origem.<\/p>\n<p>Delgatti disse que chegou ao site via Manuela D&#8217;\u00c1vila, ex-deputada (PCdoB\/RS), que foi candidata a vice do petista Fernando Haddad na campanha presidencial em 2018.<\/p>\n<p><br \/>\n<br \/><a href=\"https:\/\/exame.abril.com.br\/brasil\/justica-determina-prisao-preventiva-de-supostos-hackers-de-autoridades\/\">Fonte do artigo <\/a><br \/>\nTags:<br \/>\n#politica #political #negocios #business #marketingdigital #empreendedorismo #marketing #emprendedores #empreender #sucesso #empresas #emprendimiento #emprendedor #empreendedor #emprender #dinheiro #dinero #empresario #vendas #liderazgo #motivacion #foco #motivacao #negocio #brasil<\/p>\n","protected":false},"excerpt":{"rendered":"<p>A Justi\u00e7a Federal do Distrito Federal (DF) decidiu que os suspeitos de hackear autoridades devem permanecer presos por tempo indefinido. A pris\u00e3o preventiva foi determinada pelo juiz Ricardo Leite na noite desta quinta-feira, 1\u00ba, no limite do prazo para a pris\u00e3o tempor\u00e1ria. A decis\u00e3o foi tomada a pedido da Pol\u00edcia Federal. O grupo formado por [&hellip;]<\/p>\n","protected":false},"author":1,"featured_media":24845,"comment_status":"open","ping_status":"open","sticky":false,"template":"","format":"standard","meta":{"footnotes":""},"categories":[1],"tags":[],"class_list":["post-24844","post","type-post","status-publish","format-standard","has-post-thumbnail","hentry","category-curso-de-copy"],"_links":{"self":[{"href":"https:\/\/wiy.com.br\/noticias\/wp-json\/wp\/v2\/posts\/24844","targetHints":{"allow":["GET"]}}],"collection":[{"href":"https:\/\/wiy.com.br\/noticias\/wp-json\/wp\/v2\/posts"}],"about":[{"href":"https:\/\/wiy.com.br\/noticias\/wp-json\/wp\/v2\/types\/post"}],"author":[{"embeddable":true,"href":"https:\/\/wiy.com.br\/noticias\/wp-json\/wp\/v2\/users\/1"}],"replies":[{"embeddable":true,"href":"https:\/\/wiy.com.br\/noticias\/wp-json\/wp\/v2\/comments?post=24844"}],"version-history":[{"count":0,"href":"https:\/\/wiy.com.br\/noticias\/wp-json\/wp\/v2\/posts\/24844\/revisions"}],"wp:featuredmedia":[{"embeddable":true,"href":"https:\/\/wiy.com.br\/noticias\/wp-json\/wp\/v2\/media\/24845"}],"wp:attachment":[{"href":"https:\/\/wiy.com.br\/noticias\/wp-json\/wp\/v2\/media?parent=24844"}],"wp:term":[{"taxonomy":"category","embeddable":true,"href":"https:\/\/wiy.com.br\/noticias\/wp-json\/wp\/v2\/categories?post=24844"},{"taxonomy":"post_tag","embeddable":true,"href":"https:\/\/wiy.com.br\/noticias\/wp-json\/wp\/v2\/tags?post=24844"}],"curies":[{"name":"wp","href":"https:\/\/api.w.org\/{rel}","templated":true}]}}