{"id":24816,"date":"2023-02-26T15:50:00","date_gmt":"2023-02-26T18:50:00","guid":{"rendered":"https:\/\/wiy.com.br\/noticias\/em-2a-derrota-ao-governo-stf-mantem-demarcacao-indigena-com-funai\/"},"modified":"2019-08-01T17:04:20","modified_gmt":"2019-08-01T20:04:20","slug":"em-2a-derrota-ao-governo-stf-mantem-demarcacao-indigena-com-funai","status":"publish","type":"post","link":"https:\/\/wiy.com.br\/noticias\/em-2a-derrota-ao-governo-stf-mantem-demarcacao-indigena-com-funai\/","title":{"rendered":"Em 2\u00aa derrota ao governo, STF mant\u00e9m demarca\u00e7\u00e3o ind\u00edgena com Funai"},"content":{"rendered":"<p> <br \/>\n<\/p>\n<p>Por unanimidade, o <strong><a href=\"https:\/\/exame.abril.com.br\/noticias-sobre\/stf\/\" target=\"_blank\" rel=\"noopener noreferrer\">Supremo Tribunal Federal<\/a><\/strong> (STF) decidiu nesta quinta-feira, 1, manter a demarca\u00e7\u00e3o de terras <strong><a href=\"https:\/\/exame.abril.com.br\/noticias-sobre\/indios\" target=\"_blank\" rel=\"noopener noreferrer\">ind\u00edgenas<\/a><\/strong> com a <strong><a href=\"https:\/\/exame.abril.com.br\/noticias-sobre\/funai\" target=\"_blank\" rel=\"noopener noreferrer\">Funda\u00e7\u00e3o Nacional do \u00cdndio<\/a><\/strong> (Funai), conforme antecipou o jornal O Estado de S. Paulo.<\/p>\n<p>O julgamento desta quinta-feira, que marcou a retomada das atividades do STF neste semestre ap\u00f3s um m\u00eas de recesso, representa a segunda derrota que o plen\u00e1rio da Corte imp\u00f5e ao governo do presidente <strong><a href=\"https:\/\/exame.abril.com.br\/noticias-sobre\/jair-bolsonaro\" target=\"_blank\" rel=\"noopener noreferrer\">Jair Bolsonaro<\/a><\/strong>.<\/p>\n<p>Em junho, os ministros do STF impuseram o primeiro rev\u00e9s ao Pal\u00e1cio do Planalto ao decidir por unanimidade colocar limites \u00e0 extin\u00e7\u00e3o de conselhos por Bolsonaro. O tribunal determinou naquela ocasi\u00e3o que o governo federal n\u00e3o pode extinguir conselhos que tenham sido criados por lei.<\/p>\n<p>Na sess\u00e3o desta tarde, os integrantes do STF decidiram confirmar uma liminar concedida pelo ministro Lu\u00eds Roberto Barroso. Em junho, Barroso deu uma decis\u00e3o monocr\u00e1tica (individual) suspendendo trecho de uma nova medida provis\u00f3ria que transferia a demarca\u00e7\u00e3o para o Minist\u00e9rio da Agricultura.<\/p>\n<p>&#8220;\u00c0 Funai, vinculada ao Minist\u00e9rio da Justi\u00e7a, \u00e9 quem cabe o papel de demarca\u00e7\u00e3o de terras ind\u00edgenas. H\u00e1 mat\u00e9rias em que vigoram as escolhas pol\u00edticas dos agentes eleitos, e h\u00e1 mat\u00e9rias em que prevalecem a Constitui\u00e7\u00e3o&#8221;, disse Barroso nesta quinta-feira.<\/p>\n<p>A controv\u00e9rsia foi alvo de quatro a\u00e7\u00f5es ajuizadas por partidos pol\u00edticos &#8211; PSB, Rede Sustentabilidade, PT e PDT.<\/p>\n<p>O tema tamb\u00e9m exp\u00f4s as tens\u00f5es na rela\u00e7\u00e3o do Planalto com o Congresso Nacional e o STF. Ao assumir o comando do governo, em janeiro, o presidente Jair Bolsonaro editou uma medida provis\u00f3ria que reestruturava o governo e transferia a demarca\u00e7\u00e3o de terras ind\u00edgenas para o Minist\u00e9rio da Agricultura.<\/p>\n<p><a href=\"https:\/\/exame.abril.com.br\/brasil\/como-pedido-pelo-planalto-senado-aprova-reforma-administrativa\/\">O texto foi aprovado pelo Congresso Nacional, mas com altera\u00e7\u00f5es<\/a> &#8211; uma delas foi justamente manter essa responsabilidade com a Funai.<\/p>\n<p>Ap\u00f3s a derrota parcial no Parlamento, o governo contrariou o Congresso e editou uma nova medida provis\u00f3ria, em mais uma tentativa de deixar com a pasta da Agricultura a demarca\u00e7\u00e3o, o que foi suspenso por Barroso.<\/p>\n<p>A mudan\u00e7a da transfer\u00eancia da demarca\u00e7\u00e3o \u00e9 um pedido da Frente Parlamentar da Agropecu\u00e1ria (FPA), uma das maiores bancadas do Congresso.<\/p>\n<p>&#8220;O comportamento do atual presidente revelado na atual edi\u00e7\u00e3o de medida provis\u00f3ria rejeitada pelo Congresso no curso da mesma sess\u00e3o legislativa traduz uma clara, inaceit\u00e1vel transgress\u00e3o \u00e0 autoridade suprema da Constitui\u00e7\u00e3o Federal e uma inadmiss\u00edvel e perigosa transgress\u00e3o ao princ\u00edpio fundamental da separa\u00e7\u00e3o de poderes&#8221;, disse o ministro Celso de Mello, decano do STF.<\/p>\n<p>Celso fez o voto mais longo e a fala mais contundente de cr\u00edtica ao governo Bolsonaro durante a sess\u00e3o. Nos \u00faltimos meses, o decano tem se tornado um dos principais porta-vozes do Supremo em defesa da liberdade de manifesta\u00e7\u00e3o e do tribunal. O ministro se aposenta compulsoriamente em novembro de 2020, quando completa 75 anos.<\/p>\n<div class=\"widget-news widget-box no-margin no-border\"><span class=\"widget-news-title content-box-title\">Veja tamb\u00e9m<\/span><\/p>\n<ul class=\"widget-news-list\">\n<li class=\"widget-news-item without-thumb with-border\">\n<div class=\"widget-news-info\"><a href=\"http:\/\/exame.abril.com.br\/brasil\">BRASIL<\/a><span class=\"widget-news-item-title\"><a href=\"https:\/\/exame.abril.com.br\/brasil\/procuradoria-abre-investigacao-sobre-morte-de-cacique-no-amapa\/\">Procuradoria abre investiga\u00e7\u00e3o sobre morte de cacique no Amap\u00e1<\/a><\/span><span class=\"widget-news-item-date\">30 jul 2019 &#8211; 21h07<\/span><\/div>\n<\/li>\n<\/ul>\n<\/div>\n<h3>Autoritarismo<\/h3>\n<p>No julgamento sobre a demarca\u00e7\u00e3o de terras ind\u00edgenas, Celso ainda afirmou que comportamentos ofensivos ao princ\u00edpio da divis\u00e3o de poderes &#8220;acabam por gerar no \u00e2mbito da comunidade estatal situa\u00e7\u00f5es instauradoras de desrespeito concreto ao sistema de poderes limitados&#8221;.<\/p>\n<p>&#8220;O regime de governo e as liberdades da sociedade civil muitas vezes exp\u00f5em-se a um processo de quase impercept\u00edvel eros\u00e3o, destruindo-se lentamente e progressivamente pela a\u00e7\u00e3o ousada e atrevida quando n\u00e3o usurpadora dos poderes estatais, impulsionados muitas vezes pela busca autorit\u00e1ria de maior dom\u00ednio e controle hegem\u00f4nico sobre o aparelho de Estado e direitos e garantias b\u00e1sicas do cidad\u00e3o&#8221;, afirmou o decano.<\/p>\n<p>&#8220;Parece ainda haver na intimidade do poder um res\u00edduo indisfar\u00e7\u00e1vel de autoritarismo, despojado sob tal aspecto quando transgride a autoridade da Constitui\u00e7\u00e3o. \u00c9 preciso repelir qualquer ensaio de controle hegem\u00f4nico do aparelho de Estado por um dos poderes da Rep\u00fablica&#8221;, completou.<\/p>\n<p>Para a ministra C\u00e1rmen L\u00facia, o governo Bolsonaro fez uma &#8220;agressiva confronta\u00e7\u00e3o&#8221; com o texto da Constitui\u00e7\u00e3o ao reeditar uma medida provis\u00f3ria rejeitada pelo Congresso Nacional.<\/p>\n<p>Antes mesmo da sess\u00e3o, integrantes do governo j\u00e1 davam como certa a derrota do Planalto no STF.<\/p>\n<p><br \/>\n<br \/><a href=\"https:\/\/exame.abril.com.br\/brasil\/em-2a-derrota-ao-governo-stf-mantem-demarcacao-indigena-com-funai\/\">Fonte do artigo <\/a><br \/>\nTags:<br \/>\n#politica #political #negocios #business #marketingdigital #empreendedorismo #marketing #emprendedores #empreender #sucesso #empresas #emprendimiento #emprendedor #empreendedor #emprender #dinheiro #dinero #empresario #vendas #liderazgo #motivacion #foco #motivacao #negocio #brasil<\/p>\n","protected":false},"excerpt":{"rendered":"<p>Por unanimidade, o Supremo Tribunal Federal (STF) decidiu nesta quinta-feira, 1, manter a demarca\u00e7\u00e3o de terras ind\u00edgenas com a Funda\u00e7\u00e3o Nacional do \u00cdndio (Funai), conforme antecipou o jornal O Estado de S. Paulo. O julgamento desta quinta-feira, que marcou a retomada das atividades do STF neste semestre ap\u00f3s um m\u00eas de recesso, representa a segunda [&hellip;]<\/p>\n","protected":false},"author":1,"featured_media":24817,"comment_status":"open","ping_status":"open","sticky":false,"template":"","format":"standard","meta":{"footnotes":""},"categories":[1],"tags":[],"class_list":["post-24816","post","type-post","status-publish","format-standard","has-post-thumbnail","hentry","category-curso-de-copy"],"_links":{"self":[{"href":"https:\/\/wiy.com.br\/noticias\/wp-json\/wp\/v2\/posts\/24816","targetHints":{"allow":["GET"]}}],"collection":[{"href":"https:\/\/wiy.com.br\/noticias\/wp-json\/wp\/v2\/posts"}],"about":[{"href":"https:\/\/wiy.com.br\/noticias\/wp-json\/wp\/v2\/types\/post"}],"author":[{"embeddable":true,"href":"https:\/\/wiy.com.br\/noticias\/wp-json\/wp\/v2\/users\/1"}],"replies":[{"embeddable":true,"href":"https:\/\/wiy.com.br\/noticias\/wp-json\/wp\/v2\/comments?post=24816"}],"version-history":[{"count":0,"href":"https:\/\/wiy.com.br\/noticias\/wp-json\/wp\/v2\/posts\/24816\/revisions"}],"wp:featuredmedia":[{"embeddable":true,"href":"https:\/\/wiy.com.br\/noticias\/wp-json\/wp\/v2\/media\/24817"}],"wp:attachment":[{"href":"https:\/\/wiy.com.br\/noticias\/wp-json\/wp\/v2\/media?parent=24816"}],"wp:term":[{"taxonomy":"category","embeddable":true,"href":"https:\/\/wiy.com.br\/noticias\/wp-json\/wp\/v2\/categories?post=24816"},{"taxonomy":"post_tag","embeddable":true,"href":"https:\/\/wiy.com.br\/noticias\/wp-json\/wp\/v2\/tags?post=24816"}],"curies":[{"name":"wp","href":"https:\/\/api.w.org\/{rel}","templated":true}]}}