{"id":24746,"date":"2023-02-26T15:18:19","date_gmt":"2023-02-26T18:18:19","guid":{"rendered":"https:\/\/wiy.com.br\/noticias\/justica-intima-bolsonaro-e-filho-a-explicarem-nomeacao-para-embaixada\/"},"modified":"2019-08-01T01:48:06","modified_gmt":"2019-08-01T04:48:06","slug":"justica-intima-bolsonaro-e-filho-a-explicarem-nomeacao-para-embaixada","status":"publish","type":"post","link":"https:\/\/wiy.com.br\/noticias\/justica-intima-bolsonaro-e-filho-a-explicarem-nomeacao-para-embaixada\/","title":{"rendered":"Justi\u00e7a intima Bolsonaro e filho a explicarem nomea\u00e7\u00e3o para embaixada"},"content":{"rendered":"<p> <br \/>\n<\/p>\n<p>O juiz Andr\u00e9 Jackson de Holanda Maur\u00edcio J\u00fanior, substituto da 1\u00aa Vara Federal C\u00edvel da Bahia, deu cinco dias para o presidente <strong><a href=\"https:\/\/exame.abril.com.br\/noticias-sobre\/jair-bolsonaro\/\" target=\"_blank\" rel=\"noopener noreferrer\">Jair Bolsonaro<\/a><\/strong> e seu filho, o deputado federal <strong><a href=\"https:\/\/exame.abril.com.br\/noticias-sobre\/eduardo-bolsonaro\/\" target=\"_blank\" rel=\"noopener noreferrer\">Eduardo Bolsonaro<\/a><\/strong> (PSL-SP), se manifestarem sobre a <a href=\"https:\/\/exame.abril.com.br\/brasil\/bolsonaro-pode-indicar-filho-eduardo-para-embaixador-nos-eua\/\">nomea\u00e7\u00e3o de Eduardo ao cargo de embaixador do Brasil<\/a> nos <strong><a href=\"https:\/\/exame.abril.com.br\/noticias-sobre\/estados-unidos\" target=\"_blank\" rel=\"noopener noreferrer\">Estados Unidos<\/a><\/strong>.<\/p>\n<p>A decis\u00e3o foi tomada na segunda-feira, 29, no \u00e2mbito de uma a\u00e7\u00e3o popular ajuizada pelo deputado federal Jorge Solla (PT-BA). No despacho, o magistrado determina que o presidente e seu filho se manifestem sobre a medida liminar requerida na a\u00e7\u00e3o.<\/p>\n<p>No texto, o deputado pede que seja determinada &#8220;a imediata inibi\u00e7\u00e3o do ato de indica\u00e7\u00e3o de Eduardo Bolsonaro, por seu pai, Presidente da Rep\u00fablica, para exercer o cargo de Chefe de Miss\u00e3o Diplom\u00e1tica nos Estados Unidos da Am\u00e9rica&#8221;.<\/p>\n<p>A a\u00e7\u00e3o pede ainda que a Justi\u00e7a determine que os r\u00e9us &#8220;se abstenham de realizar novos atos de mesma natureza, sob pena de multa di\u00e1ria de R$ 500 mil&#8221;.<\/p>\n<p>O texto afirma que o preenchimento de cargos relevantes como Chefe de Miss\u00e3o Diplom\u00e1tica Definitiva em territ\u00f3rio estrangeiro por parentes pr\u00f3ximos do Chefe do Executivo violam &#8220;todos os mandamentos constitucionais referentes \u00e0 impessoalidade e \u00e0 moralidade&#8221;.<\/p>\n<p>&#8220;A veda\u00e7\u00e3o ao nepotismo n\u00e3o \u00e9 mera recomenda\u00e7\u00e3o constitucional, mas sim verdadeiro mandamento, n\u00e3o devendo ser desprezada&#8221;, indica a a\u00e7\u00e3o. A \u00edntegra foi publicada no site jur\u00eddico Conjur.<\/p>\n<p>Solla aponta que a nomea\u00e7\u00e3o se trata de uma &#8220;tentativa de promover pessoalmente Eduardo, a fim de que lhe sejam auferidos todos os benef\u00edcios do cargo&#8221;. O deputado diz ainda que a imin\u00eancia do ato tem &#8220;car\u00e1ter desp\u00f3tico&#8221;.<\/p>\n<p>Na a\u00e7\u00e3o, o deputado questiona a qualifica\u00e7\u00e3o de Eduardo para o cargo: &#8220;Como pode ser adequado ou at\u00e9 legal a nomea\u00e7\u00e3o de seu descente, sendo que este aduz ser adequado para o cargo por ter realizado interc\u00e2mbio e fritado hamb\u00fargueres?&#8221;.<\/p>\n<div class=\"widget-news widget-box no-margin no-border\"><span class=\"widget-news-title content-box-title\">Veja tamb\u00e9m<\/span><\/p>\n<ul class=\"widget-news-list\">\n<li class=\"widget-news-item without-thumb with-border\">\n<div class=\"widget-news-info\"><a href=\"http:\/\/exame.abril.com.br\/brasil\">BRASIL<\/a><span class=\"widget-news-item-title\"><a href=\"https:\/\/exame.abril.com.br\/brasil\/trump-elogia-eduardo-e-diz-que-indicacao-para-embaixada-nao-e-nepotismo\/\">Trump elogia Eduardo e diz que indica\u00e7\u00e3o para embaixada n\u00e3o \u00e9 nepotismo<\/a><\/span><span class=\"widget-news-item-date\">30 jul 2019 &#8211; 19h07<\/span><\/div>\n<\/li>\n<li class=\"widget-news-item without-thumb with-border\">\n<div class=\"widget-news-info\"><a href=\"http:\/\/exame.abril.com.br\/brasil\">BRASIL<\/a><span class=\"widget-news-item-title\"><a href=\"https:\/\/exame.abril.com.br\/brasil\/53-sao-contra-indicacao-de-eduardo-bolsonaro-a-embaixador-diz-pesquisa\/\">53% s\u00e3o contra indica\u00e7\u00e3o de Eduardo Bolsonaro a embaixador, diz pesquisa<\/a><\/span><span class=\"widget-news-item-date\">21 jul 2019 &#8211; 12h07<\/span><\/div>\n<\/li>\n<\/ul>\n<\/div>\n<p>A indica\u00e7\u00e3o remete \u00e0 fala de Eduardo sobre o poss\u00edvel cargo na embaixada.<\/p>\n<p>&#8220;\u00c9 dif\u00edcil falar de si pr\u00f3prio, n\u00e9? Mas n\u00e3o sou um filho de deputado que est\u00e1 do nada vindo a ser al\u00e7ado a essa condi\u00e7\u00e3o, tem muito trabalho sendo feito, sou presidente da Comiss\u00e3o de Rela\u00e7\u00f5es Exteriores, tenho uma viv\u00eancia pelo mundo, j\u00e1 fiz interc\u00e2mbio, j\u00e1 fritei hamb\u00farguer l\u00e1 nos Estados Unidos, no frio do Maine, Estado que faz divisa com o Canad\u00e1, no frio do Colorado, em uma montanha l\u00e1. Aprimorei o meu ingl\u00eas, vi como \u00e9 o trato receptivo do norte-americano para com os brasileiros&#8221;, disse o deputado no in\u00edcio do m\u00eas.<\/p>\n<p>A quest\u00e3o foi reiterada por Bolsonaro &#8211; <a href=\"https:\/\/exame.abril.com.br\/brasil\/eduardo-fala-ingles-espanhol-e-frita-hamburguer-tambem-diz-bolsonaro\/\" target=\"_blank\" rel=\"noopener noreferrer\">&#8220;Eduardo fala ingl\u00eas, espanhol e frita hamb\u00farguer tamb\u00e9m&#8221;, indicou o presidente<\/a> ap\u00f3s cerim\u00f4nia de hasteamento das bandeiras em frente ao Pal\u00e1cio do Alvorada no \u00faltimo dia 16.<\/p>\n<p>Nesta ter\u00e7a-feira, 30, o presidente dos Estados Unidos, <a href=\"https:\/\/exame.abril.com.br\/brasil\/trump-elogia-eduardo-e-diz-que-indicacao-para-embaixada-nao-e-nepotismo\/\">Donald Trump, disse que considera o filho do presidente Jair Bolsonaro, deputado Eduardo Bolsonaro (PSL-SP), &#8220;um jovem brilhante&#8221; e que est\u00e1 &#8220;muito feliz pela indica\u00e7\u00e3o&#8221;<\/a> do parlamentar para assumir a embaixada do Brasil em Washington.<\/p>\n<p><br \/>\n<br \/><a href=\"https:\/\/exame.abril.com.br\/brasil\/justica-intima-bolsonaro-e-filho-a-explicarem-nomeacao-para-embaixada\/\">Fonte do artigo <\/a><br \/>\nTags:<br \/>\n#politica #political #negocios #business #marketingdigital #empreendedorismo #marketing #emprendedores #empreender #sucesso #empresas #emprendimiento #emprendedor #empreendedor #emprender #dinheiro #dinero #empresario #vendas #liderazgo #motivacion #foco #motivacao #negocio #brasil<\/p>\n","protected":false},"excerpt":{"rendered":"<p>O juiz Andr\u00e9 Jackson de Holanda Maur\u00edcio J\u00fanior, substituto da 1\u00aa Vara Federal C\u00edvel da Bahia, deu cinco dias para o presidente Jair Bolsonaro e seu filho, o deputado federal Eduardo Bolsonaro (PSL-SP), se manifestarem sobre a nomea\u00e7\u00e3o de Eduardo ao cargo de embaixador do Brasil nos Estados Unidos. A decis\u00e3o foi tomada na segunda-feira, [&hellip;]<\/p>\n","protected":false},"author":1,"featured_media":24429,"comment_status":"open","ping_status":"open","sticky":false,"template":"","format":"standard","meta":{"footnotes":""},"categories":[1],"tags":[],"class_list":["post-24746","post","type-post","status-publish","format-standard","has-post-thumbnail","hentry","category-curso-de-copy"],"_links":{"self":[{"href":"https:\/\/wiy.com.br\/noticias\/wp-json\/wp\/v2\/posts\/24746","targetHints":{"allow":["GET"]}}],"collection":[{"href":"https:\/\/wiy.com.br\/noticias\/wp-json\/wp\/v2\/posts"}],"about":[{"href":"https:\/\/wiy.com.br\/noticias\/wp-json\/wp\/v2\/types\/post"}],"author":[{"embeddable":true,"href":"https:\/\/wiy.com.br\/noticias\/wp-json\/wp\/v2\/users\/1"}],"replies":[{"embeddable":true,"href":"https:\/\/wiy.com.br\/noticias\/wp-json\/wp\/v2\/comments?post=24746"}],"version-history":[{"count":0,"href":"https:\/\/wiy.com.br\/noticias\/wp-json\/wp\/v2\/posts\/24746\/revisions"}],"wp:featuredmedia":[{"embeddable":true,"href":"https:\/\/wiy.com.br\/noticias\/wp-json\/wp\/v2\/media\/24429"}],"wp:attachment":[{"href":"https:\/\/wiy.com.br\/noticias\/wp-json\/wp\/v2\/media?parent=24746"}],"wp:term":[{"taxonomy":"category","embeddable":true,"href":"https:\/\/wiy.com.br\/noticias\/wp-json\/wp\/v2\/categories?post=24746"},{"taxonomy":"post_tag","embeddable":true,"href":"https:\/\/wiy.com.br\/noticias\/wp-json\/wp\/v2\/tags?post=24746"}],"curies":[{"name":"wp","href":"https:\/\/api.w.org\/{rel}","templated":true}]}}