{"id":24715,"date":"2023-02-26T15:31:02","date_gmt":"2023-02-26T18:31:02","guid":{"rendered":"https:\/\/wiy.com.br\/noticias\/doleiro-dos-doleiros-dario-messer-e-preso-em-sao-paulo\/"},"modified":"2019-07-31T18:40:30","modified_gmt":"2019-07-31T21:40:30","slug":"doleiro-dos-doleiros-dario-messer-e-preso-em-sao-paulo","status":"publish","type":"post","link":"https:\/\/wiy.com.br\/noticias\/doleiro-dos-doleiros-dario-messer-e-preso-em-sao-paulo\/","title":{"rendered":"\u201cDoleiro dos doleiros\u201d, Dario Messer \u00e9 preso em S\u00e3o Paulo"},"content":{"rendered":"<p> <br \/>\n<\/p>\n<p><strong>Dario Messer<\/strong>, conhecido como &#8220;doleiro dos <strong><a href=\"https:\/\/exame.abril.com.br\/noticias-sobre\/doleiros\/\" target=\"_blank\" rel=\"noopener noreferrer\">doleiros<\/a><\/strong>&#8220;, foi preso nesta quarta-feira, 31, em uma a\u00e7\u00e3o coordenada pela intelig\u00eancia da <strong><a href=\"https:\/\/exame.abril.com.br\/noticias-sobre\/policia-federal\" target=\"_blank\" rel=\"noopener noreferrer\">Pol\u00edcia Federal<\/a><\/strong> e a Procuradoria da Rep\u00fablica, em S\u00e3o Paulo. Ele \u00e9 alvo da Opera\u00e7\u00e3o C\u00e2mbio, Desligo, bra\u00e7o da Lava Jato no Rio de Janeiro. Segundo fontes ligadas \u00e0s investiga\u00e7\u00f5es, Messer foi encontrado em um flat, na capital paulista, que foi alvo de buscas e apreens\u00f5es. Ele estava foragido.<\/p>\n<p>A C\u00e2mbio, Desligo foi deflagrada em 3 de maio de 2018 contra um &#8220;grandioso esquema&#8221; de movimenta\u00e7\u00e3o de recursos il\u00edcitos no Brasil e no exterior por meio de opera\u00e7\u00f5es d\u00f3lar-cabo, entregas de dinheiro em esp\u00e9cie, pagamentos de boletos e compra e venda de cheques de com\u00e9rcio.<\/p>\n<p>A dela\u00e7\u00e3o dos doleiros Vin\u00edcius Vieira Barreto Claret, o Juca Bala, e Cl\u00e1udio Fernando Barbosa, o Tony, resultou na opera\u00e7\u00e3o. A a\u00e7\u00e3o tinha como principal alvo Dario Messer, apontado como controlador de um banco em Ant\u00edgua e Barbuda com 429 clientes, at\u00e9 meados de 2013. Ele era citado pelas dela\u00e7\u00f5es de Juca e Tony.<\/p>\n<h3>Cerco fechado<\/h3>\n<p>Ainda em julho, a Pol\u00edcia Federal prendeu um dos principais homens de confian\u00e7a de Messer, Mario Libmann. Ele e seu filho, Rafael, s\u00e3o suspeitos de suposta lavagem de dinheiro em benef\u00edcio de Messer. Somente Rafael tem 18 apartamentos de luxo, segundo o Minist\u00e9rio P\u00fablico Federal.<\/p>\n<p>A Procuradoria da Rep\u00fablica no Rio &#8220;assinala que foram adquiridos im\u00f3veis no Rio de Janeiro e em S\u00e3o Paulo por Rafael Libman e Denise Messer, com pagamento em esp\u00e9cie diretamente das contas de Dario Messer&#8221;.<\/p>\n<p>Na decis\u00e3o que decretou a pris\u00e3o do operador, o juiz federal Marcelo Bretas, da 7\u00aa Vara Federal Criminal do Rio, anotou que, &#8220;segundo apurado pelo MPF, Rafael Libman conta atualmente com dezoito apartamentos em \u00e1reas nobres do RJ e SP, al\u00e9m da fra\u00e7\u00e3o ideal de dois terrenos para constru\u00e7\u00e3o&#8221;.<\/p>\n<div class=\"widget-news widget-box no-margin no-border\"><span class=\"widget-news-title content-box-title\">Veja tamb\u00e9m<\/span><\/p>\n<ul class=\"widget-news-list\">\n<li class=\"widget-news-item without-thumb with-border\">\n<div class=\"widget-news-info\"><a href=\"http:\/\/exame.abril.com.br\/brasil\">BRASIL<\/a><span class=\"widget-news-item-title\"><a href=\"https:\/\/exame.abril.com.br\/brasil\/lava-jato-diz-que-walter-faria-repatriou-irregularmente-r-14-bilhao\/\">Lava Jato diz que Walter Faria repatriou irregularmente R$ 1,4 bilh\u00e3o<\/a><\/span><span class=\"widget-news-item-date\">31 jul 2019 &#8211; 13h07<\/span><\/div>\n<\/li>\n<li class=\"widget-news-item without-thumb with-border\">\n<div class=\"widget-news-info\"><a href=\"http:\/\/exame.abril.com.br\/brasil\">BRASIL<\/a><span class=\"widget-news-item-title\"><a href=\"https:\/\/exame.abril.com.br\/brasil\/pf-prende-executivos-do-grupo-petropolis-em-nova-fase-da-lava-jato\/\">Grupo Petr\u00f3polis lavou R$ 329 milh\u00f5es da Odebrecht, diz Lava Jato<\/a><\/span><span class=\"widget-news-item-date\">31 jul 2019 &#8211; 09h07<\/span><\/div>\n<\/li>\n<\/ul>\n<\/div>\n<p>&#8220;Ao que parece, Rafael investiu na aquisi\u00e7\u00e3o de bens im\u00f3veis com montante repassado por Dario Messer, configurando pr\u00e1tica comum no delito de lavagem de capital&#8221;, disse Bretas.<\/p>\n<h3>L\u00edder da Organiza\u00e7\u00e3o<\/h3>\n<p>\u00c0 \u00e9poca da deflagra\u00e7\u00e3o da C\u00e2mbio, Desligo, a Pol\u00edcia Federal expandiu as investiga\u00e7\u00f5es para a atua\u00e7\u00e3o de muitos outros doleiros.<\/p>\n<p>A Procuradoria aponta como um &#8220;grandioso esquema&#8221; de movimenta\u00e7\u00e3o de recursos il\u00edcitos no Brasil e no exterior por meio de opera\u00e7\u00f5es d\u00f3lar-cabo, entregas de dinheiro em esp\u00e9cie, pagamentos de boletos e compra e venda de cheques de com\u00e9rcio.<\/p>\n<p>Em junho de 2018, Messer foi denunciado e apontado como l\u00edder da organiza\u00e7\u00e3o criminosa, em uma pe\u00e7a que elenca 62 acusados.<\/p>\n<p>&#8220;O denunciado Dario Messer era l\u00edder da organiza\u00e7\u00e3o criminosa. Ele criou uma rede de lavagem de dinheiro, essencial para a pr\u00e1tica de crimes como corrup\u00e7\u00e3o, sonega\u00e7\u00e3o tribut\u00e1ria e evas\u00e3o de divisas. Era s\u00f3cio capitalista do &#8216;neg\u00f3cio&#8217;, no qual angariava 60% dos lucros, e ainda financiava o sistema, aportando nele recursos pr\u00f3prios&#8221;, afirma o Minist\u00e9rio P\u00fablico Federal.<\/p>\n<p>Segundo a Lava Jato, Messer era o &#8220;doleiro dos doleiros&#8221;.<\/p>\n<p><br \/>\n<br \/><a href=\"https:\/\/exame.abril.com.br\/brasil\/doleiro-dos-doleiros-dario-messer-e-preso-em-sao-paulo\/\">Fonte do artigo <\/a><br \/>\nTags:<br \/>\n#politica #political #negocios #business #marketingdigital #empreendedorismo #marketing #emprendedores #empreender #sucesso #empresas #emprendimiento #emprendedor #empreendedor #emprender #dinheiro #dinero #empresario #vendas #liderazgo #motivacion #foco #motivacao #negocio #brasil<\/p>\n","protected":false},"excerpt":{"rendered":"<p>Dario Messer, conhecido como &#8220;doleiro dos doleiros&#8220;, foi preso nesta quarta-feira, 31, em uma a\u00e7\u00e3o coordenada pela intelig\u00eancia da Pol\u00edcia Federal e a Procuradoria da Rep\u00fablica, em S\u00e3o Paulo. Ele \u00e9 alvo da Opera\u00e7\u00e3o C\u00e2mbio, Desligo, bra\u00e7o da Lava Jato no Rio de Janeiro. Segundo fontes ligadas \u00e0s investiga\u00e7\u00f5es, Messer foi encontrado em um flat, [&hellip;]<\/p>\n","protected":false},"author":1,"featured_media":24716,"comment_status":"open","ping_status":"open","sticky":false,"template":"","format":"standard","meta":{"footnotes":""},"categories":[1],"tags":[],"class_list":["post-24715","post","type-post","status-publish","format-standard","has-post-thumbnail","hentry","category-curso-de-copy"],"_links":{"self":[{"href":"https:\/\/wiy.com.br\/noticias\/wp-json\/wp\/v2\/posts\/24715","targetHints":{"allow":["GET"]}}],"collection":[{"href":"https:\/\/wiy.com.br\/noticias\/wp-json\/wp\/v2\/posts"}],"about":[{"href":"https:\/\/wiy.com.br\/noticias\/wp-json\/wp\/v2\/types\/post"}],"author":[{"embeddable":true,"href":"https:\/\/wiy.com.br\/noticias\/wp-json\/wp\/v2\/users\/1"}],"replies":[{"embeddable":true,"href":"https:\/\/wiy.com.br\/noticias\/wp-json\/wp\/v2\/comments?post=24715"}],"version-history":[{"count":0,"href":"https:\/\/wiy.com.br\/noticias\/wp-json\/wp\/v2\/posts\/24715\/revisions"}],"wp:featuredmedia":[{"embeddable":true,"href":"https:\/\/wiy.com.br\/noticias\/wp-json\/wp\/v2\/media\/24716"}],"wp:attachment":[{"href":"https:\/\/wiy.com.br\/noticias\/wp-json\/wp\/v2\/media?parent=24715"}],"wp:term":[{"taxonomy":"category","embeddable":true,"href":"https:\/\/wiy.com.br\/noticias\/wp-json\/wp\/v2\/categories?post=24715"},{"taxonomy":"post_tag","embeddable":true,"href":"https:\/\/wiy.com.br\/noticias\/wp-json\/wp\/v2\/tags?post=24715"}],"curies":[{"name":"wp","href":"https:\/\/api.w.org\/{rel}","templated":true}]}}