{"id":24577,"date":"2023-02-26T14:57:18","date_gmt":"2023-02-26T17:57:18","guid":{"rendered":"https:\/\/wiy.com.br\/noticias\/suspeitos-de-liderar-massacre-em-altamira-sao-transferidos\/"},"modified":"2019-07-30T16:15:26","modified_gmt":"2019-07-30T19:15:26","slug":"suspeitos-de-liderar-massacre-em-altamira-sao-transferidos","status":"publish","type":"post","link":"https:\/\/wiy.com.br\/noticias\/suspeitos-de-liderar-massacre-em-altamira-sao-transferidos\/","title":{"rendered":"Suspeitos de liderar massacre em Altamira s\u00e3o transferidos"},"content":{"rendered":"<p> <br \/>\n<\/p>\n<div>\n<p>O governo do <strong><a href=\"https:\/\/exame.abril.com.br\/noticias-sobre\/para\/\" target=\"_blank\" rel=\"noopener noreferrer\">Par\u00e1<\/a><\/strong> iniciou nesta ter\u00e7a-feira, 30, a transfer\u00eancia de 46 detentos ap\u00f3s o <strong><a href=\"https:\/\/exame.abril.com.br\/noticias-sobre\/massacres\" target=\"_blank\" rel=\"noopener noreferrer\">massacre<\/a><\/strong> no Centro de Recupera\u00e7\u00e3o Regional de Altamira (CRRALT) nesta segunda-feira, 29, que terminou com 57 mortos.<\/p>\n<p>Do total, oito homens apontados como l\u00edderes da fac\u00e7\u00e3o Comando Classe A (CCA), respons\u00e1vel pela matan\u00e7a, ser\u00e3o encaminhados para penitenci\u00e1rias federais; oito para unidades em Bel\u00e9m, onde ficar\u00e3o em isolamento; e 30 ser\u00e3o distribu\u00eddos por outras cinco pris\u00f5es.<\/p>\n<p>Entre os detentos que j\u00e1 chegaram \u00e0 capital paraense est\u00e3o Luziel Barbosa, Renilson de Paula Alves, Ezequias Santana da Concei\u00e7\u00e3o, Edicley Lima Silva, Melzemias Pereira Ribeiro, Hildson Alves da Silva e Marcos Vin\u00edcius Nonato de Souza.<\/p>\n<p>Conhecido como Hebraico, Luziel \u00e9 considerado um dos comandantes do CCA. O grupo criminoso nasceu no Par\u00e1 h\u00e1 11 anos e domina o tr\u00e1fico na regi\u00e3o. A fac\u00e7\u00e3o foi criada por um irm\u00e3o de Luziel, Oziel Barbosa, o Tchile, que foi morto em confronto com a pol\u00edcia. Outro irm\u00e3o deles, Lucenildo Barbosa, conhecido como L\u00facio VK, est\u00e1 foragido.<\/p>\n<p>A opera\u00e7\u00e3o de transfer\u00eancia dos detentos conta com a atua\u00e7\u00e3o de 100 agentes de seguran\u00e7a p\u00fablica do Estado, das Pol\u00edcias Civil e Militar, da Superintend\u00eancia do Sistema Penitenci\u00e1rio (Susipe) e do Grupamento A\u00e9reo de Seguran\u00e7a P\u00fablica (Graesp).<\/p>\n<p>O governo do Par\u00e1 informou que a Secretaria de Estado de Sa\u00fade P\u00fablica (Sespa) presta assist\u00eancia aos familiares dos detentos mortos no massacre em Altamira. Nesta ter\u00e7a, a gest\u00e3o estadual informou os nomes das 57 v\u00edtimas.<\/p>\n<\/div>\n<div>\n<div class=\"widget-news widget-box no-margin no-border\"><span class=\"widget-news-title content-box-title\">Veja tamb\u00e9m<\/span><\/p>\n<ul class=\"widget-news-list\">\n<li class=\"widget-news-item without-thumb with-border\">\n<div class=\"widget-news-info\"><a href=\"http:\/\/exame.abril.com.br\/brasil\">BRASIL<\/a><span class=\"widget-news-item-title\"><a href=\"https:\/\/exame.abril.com.br\/brasil\/massacre-no-para-e-mais-um-capitulo-de-disputa-milionaria-pela-cocaina\/\">Massacre no Par\u00e1 \u00e9 mais um cap\u00edtulo de disputa milion\u00e1ria pela coca\u00edna<\/a><\/span><span class=\"widget-news-item-date\">30 jul 2019 &#8211; 08h07<\/span><\/div>\n<\/li>\n<li class=\"widget-news-item without-thumb with-border\">\n<div class=\"widget-news-info\"><a href=\"http:\/\/exame.abril.com.br\/brasil\">BRASIL<\/a><span class=\"widget-news-item-title\"><a href=\"https:\/\/exame.abril.com.br\/brasil\/numero-de-mortos-em-rebeliao-no-para-sobe-para-57\/\">N\u00famero de mortos em rebeli\u00e3o no Par\u00e1 sobe para 57<\/a><\/span><span class=\"widget-news-item-date\">29 jul 2019 &#8211; 20h07<\/span><\/div>\n<\/li>\n<\/ul>\n<\/div>\n<\/div>\n<div>\n<p>&#8220;Uma equipe multidisciplinar, formada por cinco m\u00e9dicos, quatro psic\u00f3logos, cinco assistentes sociais e quatro enfermeiros, al\u00e9m de profissionais auxiliares, est\u00e1 garantindo atendimento e acolhimento \u00e0s fam\u00edlias, 24 horas, por tempo indeterminado&#8221;, afirmou, em nota, o governo do Par\u00e1.<\/p>\n<p>Como foi o massacre no pres\u00eddio de Altamira, no Par\u00e1<\/p>\n<p>Segundo a Susipe, os assassinatos foram resultado de um confronto entre duas fac\u00e7\u00f5es criminosas que disputam territ\u00f3rio dentro da unidade prisional, o CCA e o Comando Vermelho (CV). O massacre se iniciou por volta das 7 horas, quando l\u00edderes do CCA atearam fogo em uma cela que pertence a um dos pavilh\u00f5es do pres\u00eddio, onde ficavam integrantes do CV.<\/p>\n<h3>Massacre<\/h3>\n<p>Como a unidade \u00e9 mais antiga, constru\u00edda de forma adaptada a partir de um cont\u00eainer, com alvenaria, o fogo se alastrou rapidamente. A maioria dos mortos foi v\u00edtima de asfixia, e 16 foram decapitados.<\/p>\n<p>Em Bras\u00edlia, o presidente Jair Bolsonaro (PSL) evitou lamentar o massacre de Altamira. Questionado sobre o caso nesta ter\u00e7a, ele afirmou: &#8220;Pergunta para as v\u00edtimas dos que morreram l\u00e1 o que elas acham. Depois eu falo com voc\u00eas&#8221;.<\/p>\n<\/div>\n<p><br \/>\n<br \/><a href=\"https:\/\/exame.abril.com.br\/brasil\/suspeitos-de-liderar-massacre-em-altamira-sao-transferidos\/\">Fonte do artigo <\/a><br \/>\nTags:<br \/>\n#politica #political #negocios #business #marketingdigital #empreendedorismo #marketing #emprendedores #empreender #sucesso #empresas #emprendimiento #emprendedor #empreendedor #emprender #dinheiro #dinero #empresario #vendas #liderazgo #motivacion #foco #motivacao #negocio #brasil<\/p>\n","protected":false},"excerpt":{"rendered":"<p>O governo do Par\u00e1 iniciou nesta ter\u00e7a-feira, 30, a transfer\u00eancia de 46 detentos ap\u00f3s o massacre no Centro de Recupera\u00e7\u00e3o Regional de Altamira (CRRALT) nesta segunda-feira, 29, que terminou com 57 mortos. Do total, oito homens apontados como l\u00edderes da fac\u00e7\u00e3o Comando Classe A (CCA), respons\u00e1vel pela matan\u00e7a, ser\u00e3o encaminhados para penitenci\u00e1rias federais; oito para [&hellip;]<\/p>\n","protected":false},"author":1,"featured_media":24578,"comment_status":"open","ping_status":"open","sticky":false,"template":"","format":"standard","meta":{"footnotes":""},"categories":[1],"tags":[],"class_list":["post-24577","post","type-post","status-publish","format-standard","has-post-thumbnail","hentry","category-curso-de-copy"],"_links":{"self":[{"href":"https:\/\/wiy.com.br\/noticias\/wp-json\/wp\/v2\/posts\/24577","targetHints":{"allow":["GET"]}}],"collection":[{"href":"https:\/\/wiy.com.br\/noticias\/wp-json\/wp\/v2\/posts"}],"about":[{"href":"https:\/\/wiy.com.br\/noticias\/wp-json\/wp\/v2\/types\/post"}],"author":[{"embeddable":true,"href":"https:\/\/wiy.com.br\/noticias\/wp-json\/wp\/v2\/users\/1"}],"replies":[{"embeddable":true,"href":"https:\/\/wiy.com.br\/noticias\/wp-json\/wp\/v2\/comments?post=24577"}],"version-history":[{"count":0,"href":"https:\/\/wiy.com.br\/noticias\/wp-json\/wp\/v2\/posts\/24577\/revisions"}],"wp:featuredmedia":[{"embeddable":true,"href":"https:\/\/wiy.com.br\/noticias\/wp-json\/wp\/v2\/media\/24578"}],"wp:attachment":[{"href":"https:\/\/wiy.com.br\/noticias\/wp-json\/wp\/v2\/media?parent=24577"}],"wp:term":[{"taxonomy":"category","embeddable":true,"href":"https:\/\/wiy.com.br\/noticias\/wp-json\/wp\/v2\/categories?post=24577"},{"taxonomy":"post_tag","embeddable":true,"href":"https:\/\/wiy.com.br\/noticias\/wp-json\/wp\/v2\/tags?post=24577"}],"curies":[{"name":"wp","href":"https:\/\/api.w.org\/{rel}","templated":true}]}}