{"id":2451,"date":"2023-02-26T15:46:37","date_gmt":"2023-02-26T18:46:37","guid":{"rendered":"https:\/\/wiy.com.br\/noticias\/pf-indefere-pedido-de-lula-para-ir-a-velorio-de-irmao-em-sp\/"},"modified":"2019-01-29T22:41:13","modified_gmt":"2019-01-30T00:41:13","slug":"pf-indefere-pedido-de-lula-para-ir-a-velorio-de-irmao-em-sp","status":"publish","type":"post","link":"https:\/\/wiy.com.br\/noticias\/pf-indefere-pedido-de-lula-para-ir-a-velorio-de-irmao-em-sp\/","title":{"rendered":"PF indefere pedido de Lula para ir a vel\u00f3rio de irm\u00e3o em SP"},"content":{"rendered":"<p> <br \/>\n<br \/>S\u00c3O PAULO &#8211; A Pol\u00edcia Federal do Paran\u00e1 indeferiu pedido da defesa do ex-presidente Lula para que o petista possa comparecer ao enterro do irm\u00e3o Genival In\u00e1cio da Silva, o Vav\u00e1, morto nesta ter\u00e7a-feira v\u00edtima de um c\u00e2ncer. Em of\u00edcio, o&#8230;<br \/>\n<br \/><br \/>\n<br \/><a href=\"https:\/\/oglobo.globo.com\/brasil\/pf-indefere-pedido-de-lula-para-ir-velorio-de-irmao-em-sp-23412720\">Source link <\/a><\/p>\n","protected":false},"excerpt":{"rendered":"<p>S\u00c3O PAULO &#8211; A Pol\u00edcia Federal do Paran\u00e1 indeferiu pedido da defesa do ex-presidente Lula para que o petista possa comparecer ao enterro do irm\u00e3o Genival In\u00e1cio da Silva, o Vav\u00e1, morto nesta ter\u00e7a-feira v\u00edtima de um c\u00e2ncer. Em of\u00edcio, o&#8230; Source link<\/p>\n","protected":false},"author":1,"featured_media":0,"comment_status":"open","ping_status":"open","sticky":false,"template":"","format":"standard","meta":{"footnotes":""},"categories":[337],"tags":[],"class_list":["post-2451","post","type-post","status-publish","format-standard","hentry","category-noticias"],"_links":{"self":[{"href":"https:\/\/wiy.com.br\/noticias\/wp-json\/wp\/v2\/posts\/2451","targetHints":{"allow":["GET"]}}],"collection":[{"href":"https:\/\/wiy.com.br\/noticias\/wp-json\/wp\/v2\/posts"}],"about":[{"href":"https:\/\/wiy.com.br\/noticias\/wp-json\/wp\/v2\/types\/post"}],"author":[{"embeddable":true,"href":"https:\/\/wiy.com.br\/noticias\/wp-json\/wp\/v2\/users\/1"}],"replies":[{"embeddable":true,"href":"https:\/\/wiy.com.br\/noticias\/wp-json\/wp\/v2\/comments?post=2451"}],"version-history":[{"count":0,"href":"https:\/\/wiy.com.br\/noticias\/wp-json\/wp\/v2\/posts\/2451\/revisions"}],"wp:attachment":[{"href":"https:\/\/wiy.com.br\/noticias\/wp-json\/wp\/v2\/media?parent=2451"}],"wp:term":[{"taxonomy":"category","embeddable":true,"href":"https:\/\/wiy.com.br\/noticias\/wp-json\/wp\/v2\/categories?post=2451"},{"taxonomy":"post_tag","embeddable":true,"href":"https:\/\/wiy.com.br\/noticias\/wp-json\/wp\/v2\/tags?post=2451"}],"curies":[{"name":"wp","href":"https:\/\/api.w.org\/{rel}","templated":true}]}}