{"id":24150,"date":"2023-02-26T15:10:46","date_gmt":"2023-02-26T18:10:46","guid":{"rendered":"https:\/\/wiy.com.br\/noticias\/ernesto-araujo-confirma-visita-de-bolsonaro-a-china-em-outubro\/"},"modified":"2019-07-25T16:05:14","modified_gmt":"2019-07-25T19:05:14","slug":"ernesto-araujo-confirma-visita-de-bolsonaro-a-china-em-outubro","status":"publish","type":"post","link":"https:\/\/wiy.com.br\/noticias\/ernesto-araujo-confirma-visita-de-bolsonaro-a-china-em-outubro\/","title":{"rendered":"Ernesto Ara\u00fajo confirma visita de Bolsonaro \u00e0 China em outubro"},"content":{"rendered":"<p> <br \/>\n<\/p>\n<p>O ministro das Rela\u00e7\u00f5es Exteriores, <a href=\"https:\/\/exame.abril.com.br\/noticias-sobre\/ernesto-araujo\/\" target=\"_blank\" rel=\"noopener noreferrer\"><strong>Ernesto Ara\u00fajo<\/strong><\/a>, confirmou nesta quinta-feira, 25, que o presidente Jair Bolsonaro viajar\u00e1 \u00e0 <a href=\"https:\/\/exame.abril.com.br\/noticias-sobre\/china\/\" target=\"_blank\" rel=\"noopener noreferrer\"><strong>China<\/strong><\/a> em outubro. Como contrapartida, o presidente chin\u00eas Xi Jinping vir\u00e1 ao Brasil em novembro, <a href=\"https:\/\/exame.abril.com.br\/brasil\/brasilia-vai-sediar-cupula-do-brics-em-novembro\/\" target=\"_blank\" rel=\"noopener noreferrer\">quando o pa\u00eds sediar\u00e1 a C\u00fapula do Brics<\/a>, grupo que re\u00fane Brasil, R\u00fassia, \u00cdndia, China e \u00c1frica do Sul.<\/p>\n<p>Ara\u00fajo se reuniu nesta manh\u00e3 com o conselheiro de Estado e ministro dos Neg\u00f3cios Estrangeiros da China, Wang Yi, para a 3\u00aa reuni\u00e3o do Di\u00e1logo Estrat\u00e9gico Global Brasil-China.<\/p>\n<p>Na declara\u00e7\u00e3o \u00e0 imprensa realizada ap\u00f3s o encontro, o ministro disse que a conversa girou em torno da melhoria da coopera\u00e7\u00e3o econ\u00f4mica, agr\u00edcola, industrial, tecnol\u00f3gica e tur\u00edstica com os chineses.<\/p>\n<p>&#8220;Falamos do momento que os dois pa\u00edses vivem. O Brasil quer ter cada vez mais uma rela\u00e7\u00e3o econ\u00f4mica aberta com o mundo e a China \u00e9 um importante parceiro comercial. Discutimos as maneiras de aumentar o interc\u00e2mbio econ\u00f4mico entre os dois pa\u00edses e h\u00e1 um interesse rec\u00edproco de se ter mais investimentos chineses no pa\u00eds&#8221;, disse.<\/p>\n<p>Segundo Ara\u00fajo, h\u00e1 um interesse em ampliar a vinda de turistas chineses ao Brasil e uma das medidas em an\u00e1lise \u00e9 a emiss\u00e3o mais r\u00e1pida do visto para eles.<\/p>\n<div class=\"widget-news widget-box no-margin no-border\"><span class=\"widget-news-title content-box-title\">Veja tamb\u00e9m<\/span><\/p>\n<ul class=\"widget-news-list\">\n<li class=\"widget-news-item without-thumb with-border\">\n<div class=\"widget-news-info\"><a href=\"http:\/\/exame.abril.com.br\/brasil\">BRASIL<\/a><span class=\"widget-news-item-title\"><a href=\"https:\/\/exame.abril.com.br\/brasil\/em-viagem-a-europa-araujo-reforca-relacoes-com-a-extrema-direita\/\">Em viagem \u00e0 Europa, Ara\u00fajo refor\u00e7a rela\u00e7\u00f5es com a extrema-direita<\/a><\/span><span class=\"widget-news-item-date\">9 maio 2019 &#8211; 06h05<\/span><\/div>\n<\/li>\n<li class=\"widget-news-item without-thumb with-border\">\n<div class=\"widget-news-info\"><a href=\"http:\/\/exame.abril.com.br\/economia\">ECONOMIA<\/a><span class=\"widget-news-item-title\"><a href=\"https:\/\/exame.abril.com.br\/economia\/china-abre-mercado-para-leite-em-po-e-queijos-brasileiros-diz-governo\/\">China abre mercado para leite em p\u00f3 e queijos brasileiros, diz governo<\/a><\/span><span class=\"widget-news-item-date\">23 jul 2019 &#8211; 14h07<\/span><\/div>\n<\/li>\n<\/ul>\n<\/div>\n<h3>Analistas esperam que pragmatismo prevale\u00e7a<\/h3>\n<p>O ministro brasileiro das Rela\u00e7\u00f5es Exteriores, Ernesto Ara\u00fajo, j\u00e1 deixou claro que n\u00e3o \u00e9 exatamente um apaixonado por Pequim. Quando se reunir com seu equivalente chin\u00eas pela primeira vez, nesta quinta-feira (25), analistas esperam, por\u00e9m, que o pragmatismo saia ganhando.<\/p>\n<p>Cr\u00edtico da China e admirador fervoroso do presidente americano, Donald Trump, Ara\u00fajo deve adotar um tom mais conciliador quando se reunir com o ministro Wang Yi em Bras\u00edlia, \u00e0 margem de um encontro mais amplo com os demais colegas do Brics &#8211; R\u00fassia, \u00cdndia e \u00c1frica do Sul.<\/p>\n<p>Os dois lados querem fortalecer uma rela\u00e7\u00e3o que, h\u00e1 poucos meses, parecia estar sob risco, ap\u00f3s as elei\u00e7\u00f5es de Jair Bolsonaro, especialmente com o aprofundamento das tens\u00f5es comerciais EUA-China.<\/p>\n<p>O professor de Rela\u00e7\u00f5es Internacionais da Funda\u00e7\u00e3o Get\u00falio Vargas Oliver Stuenkel explica que a ala do governo liderada pelo vice-presidente Hamilton Mour\u00e3o conseguiu convencer setores mais radicais \u00e0 direita, como o pr\u00f3prio Ara\u00fajo, de que &#8220;h\u00e1 coisas demais em jogo&#8221; para o Brasil se afastar de seu maior parceiro comercial.<\/p>\n<p>A China representou 27,8% das exporta\u00e7\u00f5es brasileiras em 2018.<\/p>\n<p>&#8220;As perspectivas econ\u00f4micas do Brasil dependem de bons la\u00e7os econ\u00f4micos com a China&#8221;, disse Stuenkel \u00e0 AFP.<\/p>\n<p>&#8220;Tenho confian\u00e7a de que, paradoxalmente, as rela\u00e7\u00f5es entre China e Brasil v\u00e3o se aprofundar no governo Bolsonaro&#8221;, completou.<\/p>\n<p>A maior aproxima\u00e7\u00e3o da China teve in\u00edcio durante o governo de Luiz In\u00e1cio Lula da Silva, mas, durante a campanha eleitoral do ano passado, Bolsonaro acusou o pa\u00eds asi\u00e1tico de estar &#8220;comprando o Brasil&#8221;.<\/p>\n<p>Desde que assumiu a Presid\u00eancia, Bolsonaro optou por se aproximar de pa\u00edses governados por l\u00edderes, com os quais tem maior alinhamento ideol\u00f3gico, como Estados Unidos e Israel, enquanto se afastou de pa\u00edses em desenvolvimento.<\/p>\n<p>Mas a desacelera\u00e7\u00e3o econ\u00f4mica do pa\u00eds e a forte press\u00e3o dos setores do agroneg\u00f3cio e da minera\u00e7\u00e3o &#8211; que dependem da China para exportar soja e min\u00e9rio de ferro &#8211; transformaram essa rela\u00e7\u00e3o.<\/p>\n<p>&#8220;Tem uma ret\u00f3rica ideol\u00f3gica, mas, na pr\u00e1tica, o pragmatismo prevalece&#8221;, opinou Rubens Barbosa, ex-embaixador do Brasil em Washington. &#8220;Voc\u00ea n\u00e3o deve se ater ao que foi dito alguns meses atr\u00e1s sobre pol\u00edtica externa e meio ambiente. Mudou completamente&#8221;, disse o diplomata \u00e0 AFP.<\/p>\n<p>Mour\u00e3o teve de se esfor\u00e7ar para reparar os danos na rela\u00e7\u00e3o com a pot\u00eancia asi\u00e1tica. Ele viajou para Pequim em maio, onde refor\u00e7ou ao presidente Xi Jinping o interesse do Brasil nos investimentos chineses.<\/p>\n<p>Neste m\u00eas, o vice-presidente disse que a companhia chinesa Huawei n\u00e3o enfrentaria restri\u00e7\u00f5es no Brasil, desafiando a press\u00e3o americana para cortar os la\u00e7os com a empresa tecnol\u00f3gica &#8211; acusada de ser ligada ao governo e de espionagem.<\/p>\n<p>&#8220;H\u00e1 tens\u00f5es no governo sobre como lidar com a China&#8221;, detalhou Luis Fernandes, do BRICS Policy Center, da Pontif\u00edcia Universidade Cat\u00f3lica (PUC-Rio). Mas &#8220;tendo a achar que os interesses econ\u00f4micos v\u00e3o sobressair&#8221;.<\/p>\n<p>Embora Pequim tenha notado a ret\u00f3rica anti-China do novo governo, Julia Coym, da consultoria Control Risks, de Xangai, acredita que o pa\u00eds asi\u00e1tico n\u00e3o vai retaliar. &#8220;A China vai prestar muito mais aten\u00e7\u00e3o \u00e0s a\u00e7\u00f5es do Bolsonaro agora que ele est\u00e1 na Presid\u00eancia do que \u00e0 ret\u00f3rica que ele adotou durante a campanha&#8221;, afirmou a especialista.<\/p>\n<h3>Atritos no Brics<\/h3>\n<p>Ap\u00f3s o encontro em Bras\u00edlia, Ara\u00fajo e Wang encontrar\u00e3o seus colegas do Brics no Rio para uma reuni\u00e3o que antecede uma c\u00fapula na capital federal, em novembro.<\/p>\n<p>Espera-se que a situa\u00e7\u00e3o da Venezuela esteja na pauta, mas, com as profundas divis\u00f5es internas no clube das economias emergentes sobre esta quest\u00e3o, \u00e9 improv\u00e1vel que seja feita uma declara\u00e7\u00e3o contundente acerca do tema.<\/p>\n<p>O Brasil est\u00e1 entre os 50 pa\u00edses que reconheceram o opositor Juan Guaid\u00f3 presidente interino. China e R\u00fassia apoiam o governo de Nicol\u00e1s Maduro.<\/p>\n<p>&#8220;Isso pode come\u00e7ar a ser um elemento para aumentar os atritos entre os (membros do) Brics&#8221;, opinou Carlos Gustavo Poggio, da Funda\u00e7\u00e3o Armando Alvares Penteado (Faap).<\/p>\n<p>Alguns analistas acreditam que a liga\u00e7\u00e3o de Brasil e China \u00e9 a principal raz\u00e3o para o pa\u00eds continuar no Brics &#8211; embora a relev\u00e2ncia do grupo tenha sido questionada nos \u00faltimos anos.<\/p>\n<p>&#8220;Se o Brasil fosse sair abruptamente, acho que isso criaria uma crise desnecess\u00e1ria com Pequim&#8221;, afirmou Brian Winter, editor-chefe da &#8220;Americas Quarterly&#8221;.<\/p>\n<p>&#8220;Eles querem manter uma rela\u00e7\u00e3o comercial pragm\u00e1tica com a China&#8221;, que v\u00ea no Brics uma boa forma de expandir sua influ\u00eancia na Am\u00e9rica Latina e na \u00c1frica, acrescentou.<\/p>\n<p><br \/>\n<br \/><a href=\"https:\/\/exame.abril.com.br\/brasil\/ernesto-araujo-confirma-visita-de-bolsonaro-a-china-em-outubro\/\">Fonte do artigo <\/a><br \/>\nTags:<br \/>\n#politica #political #negocios #business #marketingdigital #empreendedorismo #marketing #emprendedores #empreender #sucesso #empresas #emprendimiento #emprendedor #empreendedor #emprender #dinheiro #dinero #empresario #vendas #liderazgo #motivacion #foco #motivacao #negocio #brasil<\/p>\n","protected":false},"excerpt":{"rendered":"<p>O ministro das Rela\u00e7\u00f5es Exteriores, Ernesto Ara\u00fajo, confirmou nesta quinta-feira, 25, que o presidente Jair Bolsonaro viajar\u00e1 \u00e0 China em outubro. Como contrapartida, o presidente chin\u00eas Xi Jinping vir\u00e1 ao Brasil em novembro, quando o pa\u00eds sediar\u00e1 a C\u00fapula do Brics, grupo que re\u00fane Brasil, R\u00fassia, \u00cdndia, China e \u00c1frica do Sul. Ara\u00fajo se reuniu [&hellip;]<\/p>\n","protected":false},"author":1,"featured_media":24151,"comment_status":"open","ping_status":"open","sticky":false,"template":"","format":"standard","meta":{"footnotes":""},"categories":[1],"tags":[],"class_list":["post-24150","post","type-post","status-publish","format-standard","has-post-thumbnail","hentry","category-curso-de-copy"],"_links":{"self":[{"href":"https:\/\/wiy.com.br\/noticias\/wp-json\/wp\/v2\/posts\/24150","targetHints":{"allow":["GET"]}}],"collection":[{"href":"https:\/\/wiy.com.br\/noticias\/wp-json\/wp\/v2\/posts"}],"about":[{"href":"https:\/\/wiy.com.br\/noticias\/wp-json\/wp\/v2\/types\/post"}],"author":[{"embeddable":true,"href":"https:\/\/wiy.com.br\/noticias\/wp-json\/wp\/v2\/users\/1"}],"replies":[{"embeddable":true,"href":"https:\/\/wiy.com.br\/noticias\/wp-json\/wp\/v2\/comments?post=24150"}],"version-history":[{"count":0,"href":"https:\/\/wiy.com.br\/noticias\/wp-json\/wp\/v2\/posts\/24150\/revisions"}],"wp:featuredmedia":[{"embeddable":true,"href":"https:\/\/wiy.com.br\/noticias\/wp-json\/wp\/v2\/media\/24151"}],"wp:attachment":[{"href":"https:\/\/wiy.com.br\/noticias\/wp-json\/wp\/v2\/media?parent=24150"}],"wp:term":[{"taxonomy":"category","embeddable":true,"href":"https:\/\/wiy.com.br\/noticias\/wp-json\/wp\/v2\/categories?post=24150"},{"taxonomy":"post_tag","embeddable":true,"href":"https:\/\/wiy.com.br\/noticias\/wp-json\/wp\/v2\/tags?post=24150"}],"curies":[{"name":"wp","href":"https:\/\/api.w.org\/{rel}","templated":true}]}}